{"id":12776,"date":"2024-12-01T22:44:49","date_gmt":"2024-12-01T22:44:49","guid":{"rendered":"https:\/\/247stiri.ro\/index.php\/2024\/12\/01\/ce-conditie-ii-pune-diana-sosoaca-lui-george-simion-sa-nu-mai-joace-la-doua-capete\/"},"modified":"2024-12-01T22:44:49","modified_gmt":"2024-12-01T22:44:49","slug":"ce-conditie-ii-pune-diana-sosoaca-lui-george-simion-sa-nu-mai-joace-la-doua-capete","status":"publish","type":"post","link":"https:\/\/247stiri.ro\/index.php\/2024\/12\/01\/ce-conditie-ii-pune-diana-sosoaca-lui-george-simion-sa-nu-mai-joace-la-doua-capete\/","title":{"rendered":"Ce condi\u021bie \u00eei pune Diana \u0218o\u0219oac\u0103 lui George Simion: S\u0103 nu mai joace la dou\u0103 capete"},"content":{"rendered":"<p>\u00centrebat\u0103 pe cine sus\u021bine la al doilea tur al alegerilor preziden\u021biale, Diana \u0218o\u0219oac\u0103 a afirmat c\u0103 pe C\u0103lin Georgescu. \u00cen privin\u021ba unei sus\u021bineri politice, europarlamentar\u0103 a precizat c\u0103 din start prima op\u021biune este un pol suveranist.<\/p>\n<p>&#8222;Vom vedea care sunt rezultatele finale, noi sus\u021binem un guvern al suverani\u0219tilor, chiar un guvern minoritar AUR \u2013 S.O.S., cu condi\u021bia ca Simion s\u0103 nu mai joace la dou\u0103 capete\u201c, a spus Diana \u0218o\u0219oac\u0103. Europarlamentarul SOS a precizat c\u0103 nu va sus\u021bine PSD, iar \u00een leg\u0103tur\u0103 cu noua forma\u021biune POT, aceasta spune c\u0103 are unele suspiciuni.<\/p>\n<p>\u00centrebat\u0103 dac\u0103 va renun\u021ba la mandatul de europarlamentar pentru a reveni \u00een Senat, ca urmare a votului exprimat duminic\u0103, Diana \u0218o\u0219oac\u0103 a precizat c\u0103 nu a luat \u00eenc\u0103 o decizie.<\/p>\n<p>\u201eOamenii din partid au spus c\u0103 dup\u0103 ce se termin\u0103 numerotarea vor decide dac\u0103 e mai mult\u0103 nevoie de mine in Parlamentul european sau aici&#8221;, a mai afirmat Diana \u0218o\u0219oac\u0103, \u00een exclusivitate la Culisele Statului Paralel.<\/p>","protected":false},"excerpt":{"rendered":"<p>\u00centrebat\u0103 pe cine sus\u021bine la al doilea tur al alegerilor preziden\u021biale, Diana \u0218o\u0219oac\u0103 a afirmat&hellip;<\/p>\n","protected":false},"author":0,"featured_media":12769,"comment_status":"open","ping_status":"open","sticky":false,"template":"","format":"standard","meta":{"footnotes":""},"categories":[2],"tags":[],"class_list":["post-12776","post","type-post","status-publish","format-standard","has-post-thumbnail","hentry","category-actual"],"_links":{"self":[{"href":"https:\/\/247stiri.ro\/index.php\/wp-json\/wp\/v2\/posts\/12776","targetHints":{"allow":["GET"]}}],"collection":[{"href":"https:\/\/247stiri.ro\/index.php\/wp-json\/wp\/v2\/posts"}],"about":[{"href":"https:\/\/247stiri.ro\/index.php\/wp-json\/wp\/v2\/types\/post"}],"replies":[{"embeddable":true,"href":"https:\/\/247stiri.ro\/index.php\/wp-json\/wp\/v2\/comments?post=12776"}],"version-history":[{"count":0,"href":"https:\/\/247stiri.ro\/index.php\/wp-json\/wp\/v2\/posts\/12776\/revisions"}],"wp:featuredmedia":[{"embeddable":true,"href":"https:\/\/247stiri.ro\/index.php\/wp-json\/wp\/v2\/media\/12769"}],"wp:attachment":[{"href":"https:\/\/247stiri.ro\/index.php\/wp-json\/wp\/v2\/media?parent=12776"}],"wp:term":[{"taxonomy":"category","embeddable":true,"href":"https:\/\/247stiri.ro\/index.php\/wp-json\/wp\/v2\/categories?post=12776"},{"taxonomy":"post_tag","embeddable":true,"href":"https:\/\/247stiri.ro\/index.php\/wp-json\/wp\/v2\/tags?post=12776"}],"curies":[{"name":"wp","href":"https:\/\/api.w.org\/{rel}","templated":true}]}}