{"id":12778,"date":"2024-12-02T05:46:42","date_gmt":"2024-12-02T05:46:42","guid":{"rendered":"https:\/\/247stiri.ro\/index.php\/2024\/12\/02\/cererea-de-anulare-a-primului-tur-al-alegerilor-prezidentiale-pe-masa-judecatorilor-constitutionali-zi-cruciala-la-ccr\/"},"modified":"2024-12-02T05:46:42","modified_gmt":"2024-12-02T05:46:42","slug":"cererea-de-anulare-a-primului-tur-al-alegerilor-prezidentiale-pe-masa-judecatorilor-constitutionali-zi-cruciala-la-ccr","status":"publish","type":"post","link":"https:\/\/247stiri.ro\/index.php\/2024\/12\/02\/cererea-de-anulare-a-primului-tur-al-alegerilor-prezidentiale-pe-masa-judecatorilor-constitutionali-zi-cruciala-la-ccr\/","title":{"rendered":"Cererea de ANULARE a primului tur al alegerilor preziden\u021biale, pe masa judec\u0103torilor constitu\u021bionali. Zi crucial\u0103 la CCR"},"content":{"rendered":"<p>Joi, CCR a cerut Biroului Electoral Central renum\u0103rarea voturilor valabil exprimate \u015fi a celor nule.<\/p>\n<p>Curtea Constitu\u0163ional\u0103 a transmis, \u00eentr-un comunicat, c\u0103 judec\u0103torii constitu\u0163ionali, dup\u0103 ce au examinat cererea de anulare a alegerilor pentru func\u0163ia de pre\u015fedinte al Rom\u00e2niei din data de 24 noiembrie, formulat\u0103 de Cristian Vasile Terhe\u015f, cu unanimitate de voturi au dispus reverificarea \u015fi renum\u0103rarea tuturor buletinelor de vot cuprinz\u00e2nd voturile valabil exprimate \u015fi cele nule.<\/p>\n<p>Tot luni va fi luat\u0103 \u00een discu\u0163ie \u015fi confirmarea\/validarea rezultatului alegerilor, a transmis CCR.<\/p>\n<p>Pe 29 noiembrie ar fi trebuit s\u0103 \u00eenceap\u0103 campania electoral\u0103 pentru al doilea tur de scrutin, care ar fi trebuit s\u0103 aib\u0103 loc pe 8 decembrie.\u00a0<\/p>","protected":false},"excerpt":{"rendered":"<p>Joi, CCR a cerut Biroului Electoral Central renum\u0103rarea voturilor valabil exprimate \u015fi a celor nule.&hellip;<\/p>\n","protected":false},"author":0,"featured_media":12779,"comment_status":"open","ping_status":"open","sticky":false,"template":"","format":"standard","meta":{"footnotes":""},"categories":[3],"tags":[],"class_list":["post-12778","post","type-post","status-publish","format-standard","has-post-thumbnail","hentry","category-politica"],"_links":{"self":[{"href":"https:\/\/247stiri.ro\/index.php\/wp-json\/wp\/v2\/posts\/12778","targetHints":{"allow":["GET"]}}],"collection":[{"href":"https:\/\/247stiri.ro\/index.php\/wp-json\/wp\/v2\/posts"}],"about":[{"href":"https:\/\/247stiri.ro\/index.php\/wp-json\/wp\/v2\/types\/post"}],"replies":[{"embeddable":true,"href":"https:\/\/247stiri.ro\/index.php\/wp-json\/wp\/v2\/comments?post=12778"}],"version-history":[{"count":0,"href":"https:\/\/247stiri.ro\/index.php\/wp-json\/wp\/v2\/posts\/12778\/revisions"}],"wp:featuredmedia":[{"embeddable":true,"href":"https:\/\/247stiri.ro\/index.php\/wp-json\/wp\/v2\/media\/12779"}],"wp:attachment":[{"href":"https:\/\/247stiri.ro\/index.php\/wp-json\/wp\/v2\/media?parent=12778"}],"wp:term":[{"taxonomy":"category","embeddable":true,"href":"https:\/\/247stiri.ro\/index.php\/wp-json\/wp\/v2\/categories?post=12778"},{"taxonomy":"post_tag","embeddable":true,"href":"https:\/\/247stiri.ro\/index.php\/wp-json\/wp\/v2\/tags?post=12778"}],"curies":[{"name":"wp","href":"https:\/\/api.w.org\/{rel}","templated":true}]}}