{"id":12796,"date":"2024-12-02T07:45:01","date_gmt":"2024-12-02T07:45:01","guid":{"rendered":"https:\/\/247stiri.ro\/index.php\/2024\/12\/02\/strategii-de-ultima-ora-la-psd-cum-se-imparte-puterea-dupa-alegeri-sedinta-de-urgenta\/"},"modified":"2024-12-02T07:45:01","modified_gmt":"2024-12-02T07:45:01","slug":"strategii-de-ultima-ora-la-psd-cum-se-imparte-puterea-dupa-alegeri-sedinta-de-urgenta","status":"publish","type":"post","link":"https:\/\/247stiri.ro\/index.php\/2024\/12\/02\/strategii-de-ultima-ora-la-psd-cum-se-imparte-puterea-dupa-alegeri-sedinta-de-urgenta\/","title":{"rendered":"Strategii de ultim\u0103 or\u0103 la PSD: Cum se \u00eemparte puterea dup\u0103 alegeri &#8211; \u0218edin\u021b\u0103 de urgen\u021b\u0103"},"content":{"rendered":"<p>Partidul Social Democrat (PSD), c\u00e2\u0219tig\u0103tor deta\u0219at al alegerilor parlamentare din 2024, \u00ee\u0219i intensific\u0103 activitatea \u00een culisele puterii. Dup\u0103 ce rezultatele preliminare au confirmat c\u0103 forma\u021biunea a ob\u021binut cele mai multe voturi la Camera Deputa\u021bilor \u0219i la Senat, liderii PSD se reunesc \u00een \u0219edin\u021b\u0103 de urgen\u021b\u0103 pentru a trasa viitorul politic al partidului.<\/p>\n<p>Social-democra\u021bii continu\u0103 num\u0103r\u0103toarea paralel\u0103 pentru a-\u0219i consolida strategia \u00een baza datelor din teren. \u00cen paralel, sunt analizate scenarii de guvernare, av\u00e2nd \u00een vedere c\u0103 PSD nu a reu\u0219it s\u0103 ob\u021bin\u0103 majoritatea absolut\u0103 \u0219i va avea nevoie de sprijinul altor forma\u021biuni.<\/p>\n<p>Dup\u0103 alegeri, PSD pl\u0103nuie\u0219te o analiz\u0103 detaliat\u0103 a rezultatelor la nivel na\u021bional. Liderii partidului vor evalua performan\u021ba organiza\u021biilor locale, dar \u0219i eficien\u021ba mesajului transmis c\u0103tre electorat. Se a\u0219teapt\u0103 s\u0103 fie discutate posibile schimb\u0103ri \u00een structura conducerii regionale \u0219i na\u021bionale, pentru a consolida pozi\u021bia partidului \u00een viitor.<\/p>\n<p>Un alt subiect fierbinte este desemnarea candidatului pe care PSD \u00eel va sus\u021bine \u00een turul al doilea al alegerilor preziden\u021biale. \u00cen ciuda c\u00e2\u0219tig\u0103rii alegerilor parlamentare, PSD nu a reu\u0219it s\u0103 \u00ee\u0219i propulseze candidatul \u00een topul preferin\u021belor pentru prima rund\u0103 preziden\u021bial\u0103, iar acum se caut\u0103 cea mai avantajoas\u0103 alian\u021b\u0103 pentru turul decisiv.<\/p>","protected":false},"excerpt":{"rendered":"<p>Partidul Social Democrat (PSD), c\u00e2\u0219tig\u0103tor deta\u0219at al alegerilor parlamentare din 2024, \u00ee\u0219i intensific\u0103 activitatea \u00een&hellip;<\/p>\n","protected":false},"author":0,"featured_media":12797,"comment_status":"open","ping_status":"open","sticky":false,"template":"","format":"standard","meta":{"footnotes":""},"categories":[2],"tags":[],"class_list":["post-12796","post","type-post","status-publish","format-standard","has-post-thumbnail","hentry","category-actual"],"_links":{"self":[{"href":"https:\/\/247stiri.ro\/index.php\/wp-json\/wp\/v2\/posts\/12796","targetHints":{"allow":["GET"]}}],"collection":[{"href":"https:\/\/247stiri.ro\/index.php\/wp-json\/wp\/v2\/posts"}],"about":[{"href":"https:\/\/247stiri.ro\/index.php\/wp-json\/wp\/v2\/types\/post"}],"replies":[{"embeddable":true,"href":"https:\/\/247stiri.ro\/index.php\/wp-json\/wp\/v2\/comments?post=12796"}],"version-history":[{"count":0,"href":"https:\/\/247stiri.ro\/index.php\/wp-json\/wp\/v2\/posts\/12796\/revisions"}],"wp:featuredmedia":[{"embeddable":true,"href":"https:\/\/247stiri.ro\/index.php\/wp-json\/wp\/v2\/media\/12797"}],"wp:attachment":[{"href":"https:\/\/247stiri.ro\/index.php\/wp-json\/wp\/v2\/media?parent=12796"}],"wp:term":[{"taxonomy":"category","embeddable":true,"href":"https:\/\/247stiri.ro\/index.php\/wp-json\/wp\/v2\/categories?post=12796"},{"taxonomy":"post_tag","embeddable":true,"href":"https:\/\/247stiri.ro\/index.php\/wp-json\/wp\/v2\/tags?post=12796"}],"curies":[{"name":"wp","href":"https:\/\/api.w.org\/{rel}","templated":true}]}}