{"id":12888,"date":"2024-12-02T13:45:58","date_gmt":"2024-12-02T13:45:58","guid":{"rendered":"https:\/\/247stiri.ro\/index.php\/2024\/12\/02\/miron-mitrea-despre-posibile-variante-de-guvernare-trebuie-sa-intelegem-mesajul-electoratului-o-alianta-a-normalitatii\/"},"modified":"2024-12-02T13:45:58","modified_gmt":"2024-12-02T13:45:58","slug":"miron-mitrea-despre-posibile-variante-de-guvernare-trebuie-sa-intelegem-mesajul-electoratului-o-alianta-a-normalitatii","status":"publish","type":"post","link":"https:\/\/247stiri.ro\/index.php\/2024\/12\/02\/miron-mitrea-despre-posibile-variante-de-guvernare-trebuie-sa-intelegem-mesajul-electoratului-o-alianta-a-normalitatii\/","title":{"rendered":"Miron Mitrea, despre posibile variante de guvernare: \u201eTrebuie s\u0103 \u00een\u021belegem mesajul electoratului: O alian\u021b\u0103 a normalit\u0103\u021bii\u201d"},"content":{"rendered":"<p>Miron Mitrea a subliniat c\u0103 liderii politici trebuie s\u0103 accepte diversitatea de opinii \u0219i s\u0103 discute pntru a g\u0103si posibile variante de guvernare \u00een aceste condi\u021bii.<\/p>\n<p>\u201eNu \u0219tiu ce va decide CCR, nimeni nu poate s\u0103 prevad\u0103. Cred c\u0103 reluarea alegerilor va crea zarv\u0103 mare. Nu cred c\u0103 vom fi \u00een situa\u021bia asta\u201d, a spus Miron Mitrea la Realitatea PLUS.<\/p>\n<p>\u00centrebat ce ar trebui s\u0103 fac\u0103 PSD \u00een condi\u021biile actuale, Miron Mitrea a spus: \u201eNu le spun eu ce trebuie s\u0103 fac\u0103. E profund\u0103 dezam\u0103girea \u00een PSD. Din diferite motive, au \u00eemp\u0103r\u021bit Rom\u00e2nia. Electoratul nu s-a l\u0103sat. Exist\u0103 popula\u021bie pro-rus\u0103. Iat\u0103 c\u0103 SOS a luat aproape 8%, chiar dac\u0103 nu sunt de acord. Nu e democra\u021bie s\u0103 le b\u0103g\u0103m pumnul \u00een gur\u0103. Sunt rom\u00e2ni de-ai no\u0219tri, nu trebuie s\u0103-i lu\u0103m la omor. Societatea rom\u00e2neasc\u0103 este o societate normal\u0103. Normalitatea este dat\u0103 de majoritate. Nu suntem pro-ru\u0219i, noi facem parte din UE, facem parte din NATO\u201d.<\/p>\n<p>Ce variante de guvern se prefigureaz\u0103<\/p>\n<p>\u201eEu nu a\u0219 spune uniune na\u021bional\u0103, a\u0219 spune o alian\u021b\u0103 a normalit\u0103\u021bii. Trebuie s\u0103 \u00een\u021beleag\u0103 electoratul. Nu sunt partide extremiste, sunt partide care au alte op\u021biuni. Trebuie s\u0103 stea la mas\u0103, s\u0103 asculte mesajul poporului. Este foarte important ca Marcel, pre\u0219edintele PNL, AUR s\u0103 \u00een\u021beleag\u0103 c\u0103 dac\u0103 vor face alian\u021be pe buc\u0103\u021bele vom avea \u00een continuare aceast\u0103 pr\u0103pastie dintre partide. S\u0103 renun\u021be la orgolii. Au datoria s\u0103 \u00een\u021beleag\u0103 cum a votat electoratul. Este un moment extrem de propice pentru asemenea chestiune\u201d, a spus Miron Mitrea.<\/p>","protected":false},"excerpt":{"rendered":"<p>Miron Mitrea a subliniat c\u0103 liderii politici trebuie s\u0103 accepte diversitatea de opinii \u0219i s\u0103&hellip;<\/p>\n","protected":false},"author":0,"featured_media":12857,"comment_status":"open","ping_status":"open","sticky":false,"template":"","format":"standard","meta":{"footnotes":""},"categories":[2],"tags":[],"class_list":["post-12888","post","type-post","status-publish","format-standard","has-post-thumbnail","hentry","category-actual"],"_links":{"self":[{"href":"https:\/\/247stiri.ro\/index.php\/wp-json\/wp\/v2\/posts\/12888","targetHints":{"allow":["GET"]}}],"collection":[{"href":"https:\/\/247stiri.ro\/index.php\/wp-json\/wp\/v2\/posts"}],"about":[{"href":"https:\/\/247stiri.ro\/index.php\/wp-json\/wp\/v2\/types\/post"}],"replies":[{"embeddable":true,"href":"https:\/\/247stiri.ro\/index.php\/wp-json\/wp\/v2\/comments?post=12888"}],"version-history":[{"count":0,"href":"https:\/\/247stiri.ro\/index.php\/wp-json\/wp\/v2\/posts\/12888\/revisions"}],"wp:featuredmedia":[{"embeddable":true,"href":"https:\/\/247stiri.ro\/index.php\/wp-json\/wp\/v2\/media\/12857"}],"wp:attachment":[{"href":"https:\/\/247stiri.ro\/index.php\/wp-json\/wp\/v2\/media?parent=12888"}],"wp:term":[{"taxonomy":"category","embeddable":true,"href":"https:\/\/247stiri.ro\/index.php\/wp-json\/wp\/v2\/categories?post=12888"},{"taxonomy":"post_tag","embeddable":true,"href":"https:\/\/247stiri.ro\/index.php\/wp-json\/wp\/v2\/tags?post=12888"}],"curies":[{"name":"wp","href":"https:\/\/api.w.org\/{rel}","templated":true}]}}