{"id":12941,"date":"2024-12-02T17:44:48","date_gmt":"2024-12-02T17:44:48","guid":{"rendered":"https:\/\/247stiri.ro\/index.php\/2024\/12\/02\/miron-mitrea-cred-sa-solutia-in-actualul-context-nu-este-un-guvern-de-uniunea-nationala-ci-un-guvern-al-normalitatii\/"},"modified":"2024-12-02T17:44:48","modified_gmt":"2024-12-02T17:44:48","slug":"miron-mitrea-cred-sa-solutia-in-actualul-context-nu-este-un-guvern-de-uniunea-nationala-ci-un-guvern-al-normalitatii","status":"publish","type":"post","link":"https:\/\/247stiri.ro\/index.php\/2024\/12\/02\/miron-mitrea-cred-sa-solutia-in-actualul-context-nu-este-un-guvern-de-uniunea-nationala-ci-un-guvern-al-normalitatii\/","title":{"rendered":"Miron Mitrea: Cred s\u0103 solu\u021bia \u00een actualul context nu este un guvern de uniunea na\u021bional\u0103, ci un guvern al normalit\u0103\u021bii"},"content":{"rendered":"<p>&#8222;Dac\u0103 CCR ia decizie acum, este una politic\u0103 \u0219i nu cred c\u0103 este cazul, dac\u0103 nu o ia, va fi un scandal uria\u0219 \u00een zilele urm\u0103toare. P\u0103rerea mea este c\u0103 am intrat \u00eentr-o chestiune pe care nu am \u00een\u021beles-o: s-au f\u0103cut reclama\u021bii legate de c\u00e2teva sec\u021bii \u0219i c\u0103 unul dintre candida\u021bi \u0219i-a f\u0103cut campanie cu zero lei. \u00cen cea de-a doua chestiune CCR a decis c\u0103 nu ar fi nicio problem\u0103, singurul lucru la care Curtea a spus c\u0103 ar putea fi nereguli a fost diferen\u021ba dintre Ciolacu si Lasconi. A fost o gre\u0219eal\u0103 a CCR, cred c\u0103 au fost presiuni politice uria\u0219e.<\/p>\n<p>Practic, cele peste 600,000 de voturi nenum\u0103rate din diaspora sunt aproape toate, a\u0219a c\u0103 nu cred c\u0103 CCR ar putea lua o decizie \u00een aceast\u0103 situa\u021bie. N-a\u0219 vrea s\u0103 fiu judec\u0103tor CCR, au o via\u021b\u0103 grea.<\/p>\n<p>Eu spun c\u0103 normalitatea politic\u0103, a\u0219a cum v\u0103d eu lucrurile, nu este un guvern de uniunea na\u021bional\u0103, ci un guvern al normalit\u0103\u021bii, al partidelor care au \u00een comun ceva. Dac\u0103 nu reu\u0219im a\u0219a ceva, ne vom afla \u00een situa\u021bia de a ne ciond\u0103ni \u00een continuare&#8221;, a afirmat Miron Mitrea, \u00een exclusivitate la Realitatea Plus.<\/p>","protected":false},"excerpt":{"rendered":"<p>&#8222;Dac\u0103 CCR ia decizie acum, este una politic\u0103 \u0219i nu cred c\u0103 este cazul, dac\u0103&hellip;<\/p>\n","protected":false},"author":0,"featured_media":12923,"comment_status":"open","ping_status":"open","sticky":false,"template":"","format":"standard","meta":{"footnotes":""},"categories":[2],"tags":[],"class_list":["post-12941","post","type-post","status-publish","format-standard","has-post-thumbnail","hentry","category-actual"],"_links":{"self":[{"href":"https:\/\/247stiri.ro\/index.php\/wp-json\/wp\/v2\/posts\/12941","targetHints":{"allow":["GET"]}}],"collection":[{"href":"https:\/\/247stiri.ro\/index.php\/wp-json\/wp\/v2\/posts"}],"about":[{"href":"https:\/\/247stiri.ro\/index.php\/wp-json\/wp\/v2\/types\/post"}],"replies":[{"embeddable":true,"href":"https:\/\/247stiri.ro\/index.php\/wp-json\/wp\/v2\/comments?post=12941"}],"version-history":[{"count":0,"href":"https:\/\/247stiri.ro\/index.php\/wp-json\/wp\/v2\/posts\/12941\/revisions"}],"wp:featuredmedia":[{"embeddable":true,"href":"https:\/\/247stiri.ro\/index.php\/wp-json\/wp\/v2\/media\/12923"}],"wp:attachment":[{"href":"https:\/\/247stiri.ro\/index.php\/wp-json\/wp\/v2\/media?parent=12941"}],"wp:term":[{"taxonomy":"category","embeddable":true,"href":"https:\/\/247stiri.ro\/index.php\/wp-json\/wp\/v2\/categories?post=12941"},{"taxonomy":"post_tag","embeddable":true,"href":"https:\/\/247stiri.ro\/index.php\/wp-json\/wp\/v2\/tags?post=12941"}],"curies":[{"name":"wp","href":"https:\/\/api.w.org\/{rel}","templated":true}]}}