{"id":12955,"date":"2024-12-02T19:45:07","date_gmt":"2024-12-02T19:45:07","guid":{"rendered":"https:\/\/247stiri.ro\/index.php\/2024\/12\/02\/cum-arata-buletinul-de-vot-pentru-finala-prezidentiala-din-8-decembrie-intre-georgescu-si-lasconi-bec-a-aprobat-macheta-document\/"},"modified":"2024-12-02T19:45:07","modified_gmt":"2024-12-02T19:45:07","slug":"cum-arata-buletinul-de-vot-pentru-finala-prezidentiala-din-8-decembrie-intre-georgescu-si-lasconi-bec-a-aprobat-macheta-document","status":"publish","type":"post","link":"https:\/\/247stiri.ro\/index.php\/2024\/12\/02\/cum-arata-buletinul-de-vot-pentru-finala-prezidentiala-din-8-decembrie-intre-georgescu-si-lasconi-bec-a-aprobat-macheta-document\/","title":{"rendered":"Cum arat\u0103 BULETINUL de vot pentru finala preziden\u021bial\u0103 din 8 decembrie, \u00eentre Georgescu \u0219i Lasconi. BEC a aprobat macheta -DOCUMENT"},"content":{"rendered":"<p class=\"selectable-text copyable-text x15bjb6t x1n2onr6\">Biroul Electoral Central pentru alegerea Pre\u015fedintelui Rom\u00e2niei din anul 2024 (BEC) informeaz\u0103 c\u0103, la data de 2 decembrie a.c., au fost stabilite machetele buletinelor de vot care vor fi utilizate \u00een sec\u0163iile de votare din \u0163ar\u0103 \u015fi din str\u0103in\u0103tate la al doilea tur de scrutin al alegerilor pentru Pre\u015fedintele Rom\u00e2niei din anul 2024\u201d, a transmis, luni sear\u0103, BEC, \u00eentr-un comunicat de pres\u0103.<\/p>\n<p><a href=\"https:\/\/www.realitatea.net\/stiri\/politica\/judecatorii-ccr-decizie-cruciala-se-anuleaza-sau-nu-rezultatul-alegerilor-prezidentiale-cine-merge-in-finala-pentru-cotroceni_674dbb29c148a128b53d8897\" target=\"_blank\">CCR a respins, \u00een unanimitate, ANULAREA primului tur al alegerilor preziden\u021biale, Turul 2 are loc pe 8 decembrie, \u00eentre C\u0103lin GEORGESCU \u0219i Elena LASCONI &#8211; DOCUMENT<\/a><\/p>\n<p class=\"selectable-text copyable-text x15bjb6t x1n2onr6\">Totodat\u0103, BEC a constatat c\u0103 semnele electorale, denumirea forma\u0163iunii politice care sus\u0163ine unul dintre candida\u0163i, precum \u015fi prenumele \u015fi numele candida\u0163ilor sunt corect imprimate \u015fi vizibile, iar ordinea de \u00eenscriere a candida\u0163ilor este cea rezultat\u0103 \u00een urma ierarhiz\u0103rii acestora \u00een func\u0163ie de num\u0103rul voturilor valabil exprimate ob\u0163inute la primul tur de scrutin.<\/p>\n<p class=\"selectable-text copyable-text x15bjb6t x1n2onr6\">\n<\/p><p class=\"selectable-text copyable-text x15bjb6t x1n2onr6\">\n<\/p>","protected":false},"excerpt":{"rendered":"<p>Biroul Electoral Central pentru alegerea Pre\u015fedintelui Rom\u00e2niei din anul 2024 (BEC) informeaz\u0103 c\u0103, la data&hellip;<\/p>\n","protected":false},"author":0,"featured_media":12953,"comment_status":"open","ping_status":"open","sticky":false,"template":"","format":"standard","meta":{"footnotes":""},"categories":[2],"tags":[],"class_list":["post-12955","post","type-post","status-publish","format-standard","has-post-thumbnail","hentry","category-actual"],"_links":{"self":[{"href":"https:\/\/247stiri.ro\/index.php\/wp-json\/wp\/v2\/posts\/12955","targetHints":{"allow":["GET"]}}],"collection":[{"href":"https:\/\/247stiri.ro\/index.php\/wp-json\/wp\/v2\/posts"}],"about":[{"href":"https:\/\/247stiri.ro\/index.php\/wp-json\/wp\/v2\/types\/post"}],"replies":[{"embeddable":true,"href":"https:\/\/247stiri.ro\/index.php\/wp-json\/wp\/v2\/comments?post=12955"}],"version-history":[{"count":0,"href":"https:\/\/247stiri.ro\/index.php\/wp-json\/wp\/v2\/posts\/12955\/revisions"}],"wp:featuredmedia":[{"embeddable":true,"href":"https:\/\/247stiri.ro\/index.php\/wp-json\/wp\/v2\/media\/12953"}],"wp:attachment":[{"href":"https:\/\/247stiri.ro\/index.php\/wp-json\/wp\/v2\/media?parent=12955"}],"wp:term":[{"taxonomy":"category","embeddable":true,"href":"https:\/\/247stiri.ro\/index.php\/wp-json\/wp\/v2\/categories?post=12955"},{"taxonomy":"post_tag","embeddable":true,"href":"https:\/\/247stiri.ro\/index.php\/wp-json\/wp\/v2\/tags?post=12955"}],"curies":[{"name":"wp","href":"https:\/\/api.w.org\/{rel}","templated":true}]}}