{"id":12956,"date":"2024-12-02T19:45:07","date_gmt":"2024-12-02T19:45:07","guid":{"rendered":"https:\/\/247stiri.ro\/index.php\/2024\/12\/02\/vladimir-putin-ironic-la-adresa-alegerilor-din-romania-ce-spune-tarul-de-la-kremlin-despre-renumararea-voturilor\/"},"modified":"2024-12-02T19:45:07","modified_gmt":"2024-12-02T19:45:07","slug":"vladimir-putin-ironic-la-adresa-alegerilor-din-romania-ce-spune-tarul-de-la-kremlin-despre-renumararea-voturilor","status":"publish","type":"post","link":"https:\/\/247stiri.ro\/index.php\/2024\/12\/02\/vladimir-putin-ironic-la-adresa-alegerilor-din-romania-ce-spune-tarul-de-la-kremlin-despre-renumararea-voturilor\/","title":{"rendered":"Vladimir Putin, ironic la adresa alegerilor din Rom\u00e2nia: Ce spune \u021barul de la Kremlin despre renum\u0103rarea voturilor"},"content":{"rendered":"<p>&#8222;Un candidat nu a fost pe placul autorit\u0103\u0163ilor \u015fi au decis s\u0103 repete num\u0103rarea voturilor&#8221;, a afirmat Putin \u00een timpul unei \u00eent\u00e2lniri cu tineri oameni de \u015ftiin\u0163\u0103, transmis\u0103 la televiziune.<\/p>\n<p>EFE precizeaz\u0103 c\u0103 Biroul Electoral Central din Rom\u00e2nia a decis s\u0103pt\u0103m\u00e2na trecut\u0103 renum\u0103rarea celor 9,4 milioane de voturi exprimate \u00een primul tur al alegerilor preziden\u0163iale, prin ordin al Cur\u0163ii Constitu\u0163ionale.<\/p>\n<p>C\u0103lin Georgescu a c\u00e2\u015ftigat cu aproape 23% primul tur al scrutinului preziden\u0163ial, \u00een fa\u0163a candidatei pro-europene Elena Lasconi, care s-a clasat pe locul al doilea, cu doar 2.740 de voturi mai mult dec\u00e2t premierul social-democrat, Marcel Ciolacu, care s-a clasat pe locul al treilea, reaminte\u015fte agen\u0163ia spaniol\u0103 de pres\u0103.<\/p>\n<p>Curtea Constitu\u0163ional\u0103 din Rom\u00e2nia a validat luni sear\u0103 primul tur al alegerilor preziden\u0163iale, resping\u00e2nd solicitarea lui Cristian Terhe\u015f, candidat la alegerile preziden\u0163iale, de anulare a rezultatelor din primul tur de scrutin, turul doi urm\u00e2nd s\u0103 aib\u0103 loc pe 8 decembrie.<\/p>\n<p><a href=\"https:\/\/www.realitatea.net\/stiri\/politica\/judecatorii-ccr-decizie-cruciala-se-anuleaza-sau-nu-rezultatul-alegerilor-prezidentiale-cine-merge-in-finala-pentru-cotroceni_674dbb29c148a128b53d8897\" target=\"_blank\">CCR a respins, \u00een unanimitate, ANULAREA primului tur al alegerilor preziden\u021biale, Turul 2 are loc pe 8 decembrie, \u00eentre C\u0103lin GEORGESCU \u0219i Elena LASCONI &#8211; DOCUMENT<\/a><\/p>","protected":false},"excerpt":{"rendered":"<p>&#8222;Un candidat nu a fost pe placul autorit\u0103\u0163ilor \u015fi au decis s\u0103 repete num\u0103rarea voturilor&#8221;,&hellip;<\/p>\n","protected":false},"author":0,"featured_media":12943,"comment_status":"open","ping_status":"open","sticky":false,"template":"","format":"standard","meta":{"footnotes":""},"categories":[2],"tags":[],"class_list":["post-12956","post","type-post","status-publish","format-standard","has-post-thumbnail","hentry","category-actual"],"_links":{"self":[{"href":"https:\/\/247stiri.ro\/index.php\/wp-json\/wp\/v2\/posts\/12956","targetHints":{"allow":["GET"]}}],"collection":[{"href":"https:\/\/247stiri.ro\/index.php\/wp-json\/wp\/v2\/posts"}],"about":[{"href":"https:\/\/247stiri.ro\/index.php\/wp-json\/wp\/v2\/types\/post"}],"replies":[{"embeddable":true,"href":"https:\/\/247stiri.ro\/index.php\/wp-json\/wp\/v2\/comments?post=12956"}],"version-history":[{"count":0,"href":"https:\/\/247stiri.ro\/index.php\/wp-json\/wp\/v2\/posts\/12956\/revisions"}],"wp:featuredmedia":[{"embeddable":true,"href":"https:\/\/247stiri.ro\/index.php\/wp-json\/wp\/v2\/media\/12943"}],"wp:attachment":[{"href":"https:\/\/247stiri.ro\/index.php\/wp-json\/wp\/v2\/media?parent=12956"}],"wp:term":[{"taxonomy":"category","embeddable":true,"href":"https:\/\/247stiri.ro\/index.php\/wp-json\/wp\/v2\/categories?post=12956"},{"taxonomy":"post_tag","embeddable":true,"href":"https:\/\/247stiri.ro\/index.php\/wp-json\/wp\/v2\/tags?post=12956"}],"curies":[{"name":"wp","href":"https:\/\/api.w.org\/{rel}","templated":true}]}}