{"id":1298,"date":"2024-10-23T17:59:51","date_gmt":"2024-10-23T17:59:51","guid":{"rendered":"https:\/\/247stiri.ro\/index.php\/2024\/10\/23\/barbat-ajuns-de-urgenta-la-spital-dupa-ce-a-fost-muscat-de-o-vipera-medicii-au-cerut-ser-antiviperian\/"},"modified":"2024-10-23T17:59:51","modified_gmt":"2024-10-23T17:59:51","slug":"barbat-ajuns-de-urgenta-la-spital-dupa-ce-a-fost-muscat-de-o-vipera-medicii-au-cerut-ser-antiviperian","status":"publish","type":"post","link":"https:\/\/247stiri.ro\/index.php\/2024\/10\/23\/barbat-ajuns-de-urgenta-la-spital-dupa-ce-a-fost-muscat-de-o-vipera-medicii-au-cerut-ser-antiviperian\/","title":{"rendered":"B\u0103rbat &#8211; ajuns de urgen\u021b\u0103 la spital dup\u0103 ce a fost mu\u0219cat de o viper\u0103. Medicii au cerut ser antiviperian"},"content":{"rendered":"<p>Medicii au intervenit de urgen\u021b\u0103<\/p>\n<p>Din p\u0103cate, niciun spital din jude\u021bul Vaslui nu avea <a href=\"https:\/\/www.realitatea.net\/stiri\/extern\/tara-invadata-de-serpi-de-pana-la-doi-metri-reptilele-se-adapostesc-in-poduri-si-pereti_671228955ed35d54f30d8983\" target=\"_blank\" rel=\"noopener\">ser antiviperin pe stoc<\/a>, astfel c\u0103 personalul medical a solicitat ajutor de la unit\u0103\u021bi medicale din alte jude\u021be. Potrivit purt\u0103torului de cuv\u00e2nt al Serviciului de Ambulan\u021b\u0103 Vaslui, Daniel Ungureanu, pacientul nu a apelat la ambulan\u021b\u0103 pentru transportul s\u0103u, ci a ajuns la spital cu un alt mijloc.<\/p>\n<p>Dup\u0103 ce medicul de la Unitatea de Primiri Urgen\u021be a informat despre necesitatea serului, ambulan\u021bele din Vaslui \u0219i Suceava s-au \u00eent\u00e2lnit la jum\u0103tatea distan\u021bei pentru a-i aduce<a href=\"https:\/\/www.realitatea.net\/stiri\/actual\/un-sarpe-norocos-a-rezistat-3-zile-inchis-intrun-autoturism-a-fost-eliberat-in-natura-de-jandarmi_66f3dce5bcf312572b7a44a5\" target=\"_blank\" rel=\"noopener\"> serul salvator.<\/a><\/p>\n<p>Conform informa\u021biilor furnizate de reprezentan\u021bii Spitalului Jude\u021bean de Urgen\u021b\u0103 Vaslui, pacientul este stabil \u0219i r\u0103m\u00e2ne internat \u00een Sec\u021bia Boli Interne pentru a fi monitorizat \u00een continuare.<\/p>\n<p>\u201ePacientul nu a solicitat ambulan\u0163\u0103, a ajuns la spital cu alt mijloc. Noi am primit o solicitare de la un medic din cadrul Unit\u0103\u0163ii de Primiri Urgen\u0163e, care a spus c\u0103 s-a g\u0103sit ser antiviperin \u00een jude\u0163ul Suceava, pentru a aduce la spitalul din Vaslui serul. Au fost trimise ambulan\u0163e de la noi \u015fi de la Suceava, care s-au \u00eent\u00e2lnit la jum\u0103tatea distan\u021bei&#8221;, a declarat, miercuri, pentru AGERPRES, purt\u0103torul de cuv\u00e2nt al Serviciului de Ambulan\u0163\u0103 Vaslui, Daniel Ungureanu.<\/p>","protected":false},"excerpt":{"rendered":"<p>Medicii au intervenit de urgen\u021b\u0103 Din p\u0103cate, niciun spital din jude\u021bul Vaslui nu avea ser&hellip;<\/p>\n","protected":false},"author":0,"featured_media":1299,"comment_status":"open","ping_status":"open","sticky":false,"template":"","format":"standard","meta":{"footnotes":""},"categories":[2],"tags":[],"class_list":["post-1298","post","type-post","status-publish","format-standard","has-post-thumbnail","hentry","category-actual"],"_links":{"self":[{"href":"https:\/\/247stiri.ro\/index.php\/wp-json\/wp\/v2\/posts\/1298","targetHints":{"allow":["GET"]}}],"collection":[{"href":"https:\/\/247stiri.ro\/index.php\/wp-json\/wp\/v2\/posts"}],"about":[{"href":"https:\/\/247stiri.ro\/index.php\/wp-json\/wp\/v2\/types\/post"}],"replies":[{"embeddable":true,"href":"https:\/\/247stiri.ro\/index.php\/wp-json\/wp\/v2\/comments?post=1298"}],"version-history":[{"count":0,"href":"https:\/\/247stiri.ro\/index.php\/wp-json\/wp\/v2\/posts\/1298\/revisions"}],"wp:featuredmedia":[{"embeddable":true,"href":"https:\/\/247stiri.ro\/index.php\/wp-json\/wp\/v2\/media\/1299"}],"wp:attachment":[{"href":"https:\/\/247stiri.ro\/index.php\/wp-json\/wp\/v2\/media?parent=1298"}],"wp:term":[{"taxonomy":"category","embeddable":true,"href":"https:\/\/247stiri.ro\/index.php\/wp-json\/wp\/v2\/categories?post=1298"},{"taxonomy":"post_tag","embeddable":true,"href":"https:\/\/247stiri.ro\/index.php\/wp-json\/wp\/v2\/tags?post=1298"}],"curies":[{"name":"wp","href":"https:\/\/api.w.org\/{rel}","templated":true}]}}