{"id":1300,"date":"2024-10-23T17:59:52","date_gmt":"2024-10-23T17:59:52","guid":{"rendered":"https:\/\/247stiri.ro\/index.php\/2024\/10\/23\/fiica-milionarului-ucis-la-arad-adusa-la-parchetul-general-este-principala-suspecta-in-asasinat-foto\/"},"modified":"2024-10-23T17:59:52","modified_gmt":"2024-10-23T17:59:52","slug":"fiica-milionarului-ucis-la-arad-adusa-la-parchetul-general-este-principala-suspecta-in-asasinat-foto","status":"publish","type":"post","link":"https:\/\/247stiri.ro\/index.php\/2024\/10\/23\/fiica-milionarului-ucis-la-arad-adusa-la-parchetul-general-este-principala-suspecta-in-asasinat-foto\/","title":{"rendered":"Fiica milionarului ucis la Arad, adus\u0103 la Parchetul General. Este principala suspect\u0103 \u00een asasinat &#8211; FOTO"},"content":{"rendered":"<p>Femeia ar fi pl\u0103nuit uciderea tat\u0103lui s\u0103u dup\u0103 ce ar fi aflat c\u0103 acesta urma s\u0103 o dezmo\u015fteneasc\u0103 \u0219i s\u0103 \u00eei lase afacerea fostului ginere, au precizat, pentru Realitatea Plus, surse judiciare.<\/p>\n<p>Sursele men\u0163ionate au ar\u0103tat c\u0103 dispozitivul amplasat sub ma\u015fina afaceristului a fost declan\u015fat de la distan\u0163\u0103.<\/p>\n<p>Fiica milionarului ar urma s\u0103 fie acuzat\u0103 de omor calificat \u015fi instigare la aceea\u015fi infrac\u0163iune, conform acelora\u015fi surse \u0219i, cel mai probabil, va fi re\u021binut\u0103 pentru 24 de ore \u0219i ulterior areatat\u0103 pe 30 de zile.<\/p>\n<p><a title=\"Dosarul Ioan Crisan. Asasinatul cu bomba de la Arad, comandat de fiica afaceristului ucis. Cine este Laura, cea care a platit 100.000 de euro pentru CRIMA\" href=\"https:\/\/www.realitatea.net\/stiri\/actual\/dosarul-ioan-crisan-asasinatul-cu-bomba-de-la-arad-comandat-de-fiica-afaceristului-ucis-cine-este-laura-cea-care-a-platit-100000-de-euro-pentru-crima_6718dc4903afaf5e3c000c72\">Dosarul Ioan Cri\u0219an. Asasinatul cu bomb\u0103 de la Arad, comandat de fiica afaceristului ucis. Cine este Laura, cea care a pl\u0103tit 100.000 de euro<\/a>\u00cen acest caz mai sunt implica\u0163i trei complici, care vor ajunge si ei in fa\u021ba anchetatorilor miercuri sear\u0103.Pe 29 mai 2021, omul de afaceri Ioan Cri\u015fan a murit, dup\u0103 ce ma\u015fina \u00een care se afla a explodat \u00een parcarea unui supermarket din Arad. Principala pist\u0103 a anchetei se refer\u0103 la un asasinat la comand\u0103.<\/p>\n<p><a title=\"Cine era Ioan Crisan, afaceristul care a murit in atentatul cu bomba de la Arad: imprumutase sume uriase de bani! Ce afaceri derula, de fapt, barbatul\" href=\"https:\/\/www.realitatea.net\/stiri\/actual\/cine-era-ioan-crisan-afaceristul-care-a-murit-in-atentatul-cu-bomba-de-la-arad-imprumutase-sume-uriase-de-bani-ce-afaceri-derula-de-fapt-barbatul_6718d7405c2031114b58b012\">Cine era Ioan Cri\u0219an, afaceristul care a murit \u00een atentatul cu bomb\u0103 de la Arad: \u00eemprumutase sume uria\u0219e de bani! Ce afaceri derula, de fapt,<\/a><\/p>","protected":false},"excerpt":{"rendered":"<p>Femeia ar fi pl\u0103nuit uciderea tat\u0103lui s\u0103u dup\u0103 ce ar fi aflat c\u0103 acesta urma&hellip;<\/p>\n","protected":false},"author":0,"featured_media":1301,"comment_status":"open","ping_status":"open","sticky":false,"template":"","format":"standard","meta":{"footnotes":""},"categories":[2],"tags":[],"class_list":["post-1300","post","type-post","status-publish","format-standard","has-post-thumbnail","hentry","category-actual"],"_links":{"self":[{"href":"https:\/\/247stiri.ro\/index.php\/wp-json\/wp\/v2\/posts\/1300","targetHints":{"allow":["GET"]}}],"collection":[{"href":"https:\/\/247stiri.ro\/index.php\/wp-json\/wp\/v2\/posts"}],"about":[{"href":"https:\/\/247stiri.ro\/index.php\/wp-json\/wp\/v2\/types\/post"}],"replies":[{"embeddable":true,"href":"https:\/\/247stiri.ro\/index.php\/wp-json\/wp\/v2\/comments?post=1300"}],"version-history":[{"count":0,"href":"https:\/\/247stiri.ro\/index.php\/wp-json\/wp\/v2\/posts\/1300\/revisions"}],"wp:featuredmedia":[{"embeddable":true,"href":"https:\/\/247stiri.ro\/index.php\/wp-json\/wp\/v2\/media\/1301"}],"wp:attachment":[{"href":"https:\/\/247stiri.ro\/index.php\/wp-json\/wp\/v2\/media?parent=1300"}],"wp:term":[{"taxonomy":"category","embeddable":true,"href":"https:\/\/247stiri.ro\/index.php\/wp-json\/wp\/v2\/categories?post=1300"},{"taxonomy":"post_tag","embeddable":true,"href":"https:\/\/247stiri.ro\/index.php\/wp-json\/wp\/v2\/tags?post=1300"}],"curies":[{"name":"wp","href":"https:\/\/api.w.org\/{rel}","templated":true}]}}