{"id":13013,"date":"2024-12-03T06:44:47","date_gmt":"2024-12-03T06:44:47","guid":{"rendered":"https:\/\/247stiri.ro\/index.php\/2024\/12\/03\/alerta-de-meningita-in-scoli-doi-elevi-de-liceu-au-fost-diagnosticati-un-baiat-de-15-ani-este-internat-in-stare-grava\/"},"modified":"2024-12-03T06:44:47","modified_gmt":"2024-12-03T06:44:47","slug":"alerta-de-meningita-in-scoli-doi-elevi-de-liceu-au-fost-diagnosticati-un-baiat-de-15-ani-este-internat-in-stare-grava","status":"publish","type":"post","link":"https:\/\/247stiri.ro\/index.php\/2024\/12\/03\/alerta-de-meningita-in-scoli-doi-elevi-de-liceu-au-fost-diagnosticati-un-baiat-de-15-ani-este-internat-in-stare-grava\/","title":{"rendered":"Alert\u0103 de meningit\u0103 \u00een \u0219coli! Doi elevi de liceu au fost diagnostica\u021bi. Un b\u0103iat de 15 ani este internat \u00een stare grav\u0103"},"content":{"rendered":"<p>Adolescentul de 15 ani a fost transferat de urgen\u021b\u0103 la Cluj, fiind internat \u00een stare grav\u0103 la Pediatrie 1, la sf\u00e2r\u0219itul s\u0103pt\u0103m\u00e2nii trecute.<\/p>\n<p>Noul caz, b\u0103iatul aflat \u00een clasa a 12-a a r\u0103mas internat la Boli Infec\u021bioase din Baia Mare.<\/p>\n<p>Momentan, toate unit\u0103\u021bile de \u00eenv\u0103\u021b\u0103m\u00e2nt din Baia Mare sunt \u00eenchise timp de 3 zile, p\u00e2n\u0103 \u00een 4 decembrie, perioada \u00een care elevii vor face cursuri online.<\/p>\n<p>Mai mult, \u00een toate \u0219colile, gr\u0103dini\u021bele \u0219i liceele a fost demarat\u0103 o ac\u021biune de dezinfec\u0163ie. La balul bobocilor la care participaser\u0103 cei doi elevi cu meningit\u0103 au mai participat \u0219i al\u021bi 800 de elevi.<\/p>\n<p>Meningita meningococic\u0103, tipul de meningit\u0103 cu care a fost diagonisticat elevul, este extrem de contagioas\u0103. Rata de mortalitate este de p\u00e2n\u0103 la 15% \u00een r\u00e2ndul celor infecta\u021bi, iar aproximativ 19% dintre cei vindeca\u021bi pot r\u0103m\u00e2ne cu un handicap pe termen lung.<\/p>","protected":false},"excerpt":{"rendered":"<p>Adolescentul de 15 ani a fost transferat de urgen\u021b\u0103 la Cluj, fiind internat \u00een stare&hellip;<\/p>\n","protected":false},"author":0,"featured_media":13014,"comment_status":"open","ping_status":"open","sticky":false,"template":"","format":"standard","meta":{"footnotes":""},"categories":[2],"tags":[],"class_list":["post-13013","post","type-post","status-publish","format-standard","has-post-thumbnail","hentry","category-actual"],"_links":{"self":[{"href":"https:\/\/247stiri.ro\/index.php\/wp-json\/wp\/v2\/posts\/13013","targetHints":{"allow":["GET"]}}],"collection":[{"href":"https:\/\/247stiri.ro\/index.php\/wp-json\/wp\/v2\/posts"}],"about":[{"href":"https:\/\/247stiri.ro\/index.php\/wp-json\/wp\/v2\/types\/post"}],"replies":[{"embeddable":true,"href":"https:\/\/247stiri.ro\/index.php\/wp-json\/wp\/v2\/comments?post=13013"}],"version-history":[{"count":0,"href":"https:\/\/247stiri.ro\/index.php\/wp-json\/wp\/v2\/posts\/13013\/revisions"}],"wp:featuredmedia":[{"embeddable":true,"href":"https:\/\/247stiri.ro\/index.php\/wp-json\/wp\/v2\/media\/13014"}],"wp:attachment":[{"href":"https:\/\/247stiri.ro\/index.php\/wp-json\/wp\/v2\/media?parent=13013"}],"wp:term":[{"taxonomy":"category","embeddable":true,"href":"https:\/\/247stiri.ro\/index.php\/wp-json\/wp\/v2\/categories?post=13013"},{"taxonomy":"post_tag","embeddable":true,"href":"https:\/\/247stiri.ro\/index.php\/wp-json\/wp\/v2\/tags?post=13013"}],"curies":[{"name":"wp","href":"https:\/\/api.w.org\/{rel}","templated":true}]}}