{"id":13063,"date":"2024-12-03T08:44:47","date_gmt":"2024-12-03T08:44:47","guid":{"rendered":"https:\/\/247stiri.ro\/index.php\/2024\/12\/03\/razboiul-din-ucraina-si-atacurile-hibride-ale-rusiei-pe-agenda-sedintei-ministrilor-de-externe-ai-nato\/"},"modified":"2024-12-03T08:44:47","modified_gmt":"2024-12-03T08:44:47","slug":"razboiul-din-ucraina-si-atacurile-hibride-ale-rusiei-pe-agenda-sedintei-ministrilor-de-externe-ai-nato","status":"publish","type":"post","link":"https:\/\/247stiri.ro\/index.php\/2024\/12\/03\/razboiul-din-ucraina-si-atacurile-hibride-ale-rusiei-pe-agenda-sedintei-ministrilor-de-externe-ai-nato\/","title":{"rendered":"R\u0103zboiul din Ucraina \u0219i atacurile hibride ale Rusiei, pe agenda \u0219edin\u021bei mini\u015ftrilor de externe ai NATO"},"content":{"rendered":"<p>Ministrul de externe ucrainean Andrii S\u00eebiga \u00eei va informa pe omologii s\u0103i din NATO despre situa\u0163ie curent\u0103 a luptelor \u00een contextul \u00een care frontul de est din Ucraina este sub o presiune cresc\u00e2nd\u0103 din cauza atacurilor ruse.<\/p>\n<p>Ucraina este a\u015fteptat\u0103 de asemenea s\u0103 aib\u0103 o nou\u0103 tentativ\u0103 de a o ob\u0163ine o invita\u0163ie de aderare din partea Alian\u0163ei Nord-Atlantice, dup\u0103 ce pre\u015fedintele ucrainean Volodimir Zelenski a sugerat c\u0103 \u0163ara sa fi de acord cu o \u00eencetare a focului cu Rusia dac\u0103 NATO va asigura protec\u0163ia regiunilor din \u0163ar\u0103 controlate de Ucraina.<\/p>\n<p>\u201eDac\u0103 vrem s\u0103 oprim faza fierbinte a r\u0103zboiului, trebuie s\u0103 lu\u0103m sub umbrela NATO teritoriul Ucrainei pe care \u00eel avem sub controlul nostru\u201d, a declarat Zelenski \u00eentr-un interviu pentru canalul britanic Sky News.<\/p>\n<p>Alian\u0163a a refuzat p\u00e2n\u0103 acum s\u0103 ofere Ucrainei aderarea la NATO din cauza preocup\u0103rilor c\u0103 invazia rus\u0103 din Ucraina va escalada \u00eentr-un conflict care s\u0103 implice NATO.<\/p>\n<p>Mini\u015ftrii de externe ai NATO inten\u0163ioneaz\u0103 de asemenea s\u0103 discute despre lansarea, lunea trecut\u0103, de c\u0103tre Rusia, a unei rachete balistice experimentale asupra Ucrainei \u015fi s\u0103 examineze nevoile ap\u0103r\u0103rii antiaeriene ucrainene.<\/p>\n<p>Armata rus\u0103 sus\u0163ine c\u0103 noile rachete cu raz\u0103 medie de ac\u0163iune pe care le-a lansat asupra ora\u015fului ucrainean Dnipro s\u0103pt\u0103m\u00e2na trecut\u0103 pot lovi \u0163inte din toat\u0103 Europa \u015fi c\u0103 nu pot fi oprite de sisteme antiaeriene.<\/p>\n<p>Descurajarea \u015fi ap\u0103rarea \u00eempotriva atacurilor ruse hibride sau actelor de sabotaj care vizeaz\u0103 membri NATO urmeaz\u0103 de asemenea s\u0103 se afle pe agenda discu\u0163iilor.<\/p>\n<p>Mar\u0163i, mini\u015ftrii de externe se vor \u00eent\u00e2lni cu regele iordanian Abdullah al II-lea, c\u00e2nd ar urma s\u0103 discute, printre altele, despre conflictul \u00een curs din Orientul Mijlociu \u015fi despre ofensiva unei alian\u0163e de rebeli din Siria.<\/p>","protected":false},"excerpt":{"rendered":"<p>Ministrul de externe ucrainean Andrii S\u00eebiga \u00eei va informa pe omologii s\u0103i din NATO despre&hellip;<\/p>\n","protected":false},"author":0,"featured_media":13064,"comment_status":"open","ping_status":"open","sticky":false,"template":"","format":"standard","meta":{"footnotes":""},"categories":[4],"tags":[],"class_list":["post-13063","post","type-post","status-publish","format-standard","has-post-thumbnail","hentry","category-extern"],"_links":{"self":[{"href":"https:\/\/247stiri.ro\/index.php\/wp-json\/wp\/v2\/posts\/13063","targetHints":{"allow":["GET"]}}],"collection":[{"href":"https:\/\/247stiri.ro\/index.php\/wp-json\/wp\/v2\/posts"}],"about":[{"href":"https:\/\/247stiri.ro\/index.php\/wp-json\/wp\/v2\/types\/post"}],"replies":[{"embeddable":true,"href":"https:\/\/247stiri.ro\/index.php\/wp-json\/wp\/v2\/comments?post=13063"}],"version-history":[{"count":0,"href":"https:\/\/247stiri.ro\/index.php\/wp-json\/wp\/v2\/posts\/13063\/revisions"}],"wp:featuredmedia":[{"embeddable":true,"href":"https:\/\/247stiri.ro\/index.php\/wp-json\/wp\/v2\/media\/13064"}],"wp:attachment":[{"href":"https:\/\/247stiri.ro\/index.php\/wp-json\/wp\/v2\/media?parent=13063"}],"wp:term":[{"taxonomy":"category","embeddable":true,"href":"https:\/\/247stiri.ro\/index.php\/wp-json\/wp\/v2\/categories?post=13063"},{"taxonomy":"post_tag","embeddable":true,"href":"https:\/\/247stiri.ro\/index.php\/wp-json\/wp\/v2\/tags?post=13063"}],"curies":[{"name":"wp","href":"https:\/\/api.w.org\/{rel}","templated":true}]}}