{"id":13098,"date":"2024-12-03T09:44:49","date_gmt":"2024-12-03T09:44:49","guid":{"rendered":"https:\/\/247stiri.ro\/index.php\/2024\/12\/03\/presedintele-uefa-a-reactionat-dupa-moartea-lui-helmuth-duckadam-ce-mesaj-a-transmis-fotbalului-romanesc\/"},"modified":"2024-12-03T09:44:49","modified_gmt":"2024-12-03T09:44:49","slug":"presedintele-uefa-a-reactionat-dupa-moartea-lui-helmuth-duckadam-ce-mesaj-a-transmis-fotbalului-romanesc","status":"publish","type":"post","link":"https:\/\/247stiri.ro\/index.php\/2024\/12\/03\/presedintele-uefa-a-reactionat-dupa-moartea-lui-helmuth-duckadam-ce-mesaj-a-transmis-fotbalului-romanesc\/","title":{"rendered":"Pre\u0219edintele UEFA a reac\u021bionat dup\u0103 moartea lui Helmuth Duckadam. Ce mesaj a transmis fotbalului\u00a0rom\u00e2nesc"},"content":{"rendered":"<p>Fo\u0219tii colegi, oamenii din fotbal \u0219i simplii suporteri sunt a\u0219tepta\u021bi ast\u0103zi la Arena Na\u021bional\u0103 pentru a-i aduce un ultim omagiu. Conform dorin\u021bei fostului mare portar, trupul s\u0103u va fi incinerat.<\/p>\n<p>\u0218eful UEFA, Aleksander Ceferin, i-a transmis o scrisoare de condolean\u021be pre\u0219edintelui FRF, R\u0103zvan Burleanu. \u00cen mesajul adresat Federa\u021biei, Ceferin celebreaz\u0103 personalitatea lui Duckadam \u0219i subliniaz\u0103 contribu\u021bia acestuia la c\u00e2\u0219tigarea Cupei Campionilor Europeni de c\u0103tre Steaua \u00een 1986.<\/p>\n<p>\u201eDrag\u0103 Pre\u0219edinte Burleanu, drag\u0103 R\u0103zvan,<\/p>\n<p>Am fost profund \u00eentristat s\u0103 aflu despre dispari\u021bia lui Helmut Duckadam, un portar legendar \u0219i o persoan\u0103 extraordinar\u0103.<\/p>\n<p>Mi-a l\u0103sat o impresie de neuitat, iar din scurtele noastre \u00eent\u00e2lniri, am remarcat c\u0103 prezen\u021ba \u0219i carisma sa incredibil\u0103 pe teren erau egalate doar de gra\u021bia, modestia \u0219i for\u021ba sa de caracter.<\/p>\n<p>Oamenii obi\u0219nuiesc s\u0103 spun\u0103 c\u0103 atunci c\u00e2nd o stea cade, las\u0103 \u00een urm\u0103 o urm\u0103 luminoas\u0103. Magnitudinea urmei pe care Duckadam o las\u0103 \u00een istoria fotbalului este cu adev\u0103rat remarcabil\u0103. C\u00e2\u0219tig\u00e2nd Cupa Campionilor Europeni cu Steaua, dup\u0103 ce a ap\u0103rat toate cele patru penalty-uri din loviturile de departajare, el las\u0103 o mo\u0219tenire ce va str\u0103luci c\u00e2t timp se va juca fotbal, pentru a fi admirat\u0103 de genera\u021biile mai vechi \u0219i pentru a inspira genera\u021biile noi.<\/p>\n<p>\u00cen numele UEFA \u0219i al meu personal, doresc s\u0103 \u00eemi exprim cele mai sincere condolean\u021be familiei sale \u0219i \u00eentregii comunit\u0103\u021bi fotbalistice din Rom\u00e2nia \u00een aceste momente triste.<\/p>\n<p>Cu profund\u0103 compasiune,Aleksander \u010ceferin&#8221;, a transmis Ceferin. Textul a fost publicat pe site-ul FRF.<\/p>","protected":false},"excerpt":{"rendered":"<p>Fo\u0219tii colegi, oamenii din fotbal \u0219i simplii suporteri sunt a\u0219tepta\u021bi ast\u0103zi la Arena Na\u021bional\u0103 pentru&hellip;<\/p>\n","protected":false},"author":0,"featured_media":13090,"comment_status":"open","ping_status":"open","sticky":false,"template":"","format":"standard","meta":{"footnotes":""},"categories":[2],"tags":[],"class_list":["post-13098","post","type-post","status-publish","format-standard","has-post-thumbnail","hentry","category-actual"],"_links":{"self":[{"href":"https:\/\/247stiri.ro\/index.php\/wp-json\/wp\/v2\/posts\/13098","targetHints":{"allow":["GET"]}}],"collection":[{"href":"https:\/\/247stiri.ro\/index.php\/wp-json\/wp\/v2\/posts"}],"about":[{"href":"https:\/\/247stiri.ro\/index.php\/wp-json\/wp\/v2\/types\/post"}],"replies":[{"embeddable":true,"href":"https:\/\/247stiri.ro\/index.php\/wp-json\/wp\/v2\/comments?post=13098"}],"version-history":[{"count":0,"href":"https:\/\/247stiri.ro\/index.php\/wp-json\/wp\/v2\/posts\/13098\/revisions"}],"wp:featuredmedia":[{"embeddable":true,"href":"https:\/\/247stiri.ro\/index.php\/wp-json\/wp\/v2\/media\/13090"}],"wp:attachment":[{"href":"https:\/\/247stiri.ro\/index.php\/wp-json\/wp\/v2\/media?parent=13098"}],"wp:term":[{"taxonomy":"category","embeddable":true,"href":"https:\/\/247stiri.ro\/index.php\/wp-json\/wp\/v2\/categories?post=13098"},{"taxonomy":"post_tag","embeddable":true,"href":"https:\/\/247stiri.ro\/index.php\/wp-json\/wp\/v2\/tags?post=13098"}],"curies":[{"name":"wp","href":"https:\/\/api.w.org\/{rel}","templated":true}]}}