{"id":13110,"date":"2024-12-03T10:45:02","date_gmt":"2024-12-03T10:45:02","guid":{"rendered":"https:\/\/247stiri.ro\/index.php\/2024\/12\/03\/rares-bogdan-fara-europa-romania-e-in-pericol-mortal-psd-sa-lase-aroganta-maturitate-inseamna-ca-partidele-pro-europene-sa-se-puna-la-masa-si-sa-vina-cu-solutii\/"},"modified":"2024-12-03T10:45:02","modified_gmt":"2024-12-03T10:45:02","slug":"rares-bogdan-fara-europa-romania-e-in-pericol-mortal-psd-sa-lase-aroganta-maturitate-inseamna-ca-partidele-pro-europene-sa-se-puna-la-masa-si-sa-vina-cu-solutii","status":"publish","type":"post","link":"https:\/\/247stiri.ro\/index.php\/2024\/12\/03\/rares-bogdan-fara-europa-romania-e-in-pericol-mortal-psd-sa-lase-aroganta-maturitate-inseamna-ca-partidele-pro-europene-sa-se-puna-la-masa-si-sa-vina-cu-solutii\/","title":{"rendered":"Rare\u0219 Bogdan: F\u0103r\u0103 Europa, Rom\u00e2nia e \u00een pericol mortal! PSD s\u0103 lase arogan\u021ba. Maturitate \u00eenseamn\u0103 ca partidele pro-europene s\u0103 se pun\u0103 la mas\u0103 \u0219i s\u0103 vin\u0103 cu solu\u021bii"},"content":{"rendered":"<p>&#8222;Pentru situatia actuala, la ce se anunta anul viitor, sunt unul dintre cei care stiu cifrele, fiind la Bruxelles am datele, ar trebui sa fim cat se poate de maturi, de echilibrati&#8221;, spune Rare\u0219 Bogdan.<\/p>\n<p>Potrivit liberalului, cele 4 partide pro-europene ar trebui sa se aseze la aceeasi masa si sa vina cu o solutie pentru Rom\u00e2nia.\u00a0<\/p>\n<p>&#8222;Trebuie sa intelegem votul romanilor. Maturitate inseamna cele 4 partide pro-europene sa se puna la masa si sa dea o solutie. 35 de ani, romanii, noi am reusit ridicarea MCV, intrarea in Schengen, un moment extrem de important pentru Romania&#8221;, spune liberalul.<\/p>\n<p>Potrivit lui Rares Bogdan, PNL trebuie sa fie in guvernul actual pentru ca este garantul la Bruxelles al drumului pro-european. &#8222;Romania nu poate fi abandonata, nu putem fugi in munti&#8221;, mai spune acesta.<\/p>","protected":false},"excerpt":{"rendered":"<p>&#8222;Pentru situatia actuala, la ce se anunta anul viitor, sunt unul dintre cei care stiu&hellip;<\/p>\n","protected":false},"author":0,"featured_media":13111,"comment_status":"open","ping_status":"open","sticky":false,"template":"","format":"standard","meta":{"footnotes":""},"categories":[3],"tags":[],"class_list":["post-13110","post","type-post","status-publish","format-standard","has-post-thumbnail","hentry","category-politica"],"_links":{"self":[{"href":"https:\/\/247stiri.ro\/index.php\/wp-json\/wp\/v2\/posts\/13110","targetHints":{"allow":["GET"]}}],"collection":[{"href":"https:\/\/247stiri.ro\/index.php\/wp-json\/wp\/v2\/posts"}],"about":[{"href":"https:\/\/247stiri.ro\/index.php\/wp-json\/wp\/v2\/types\/post"}],"replies":[{"embeddable":true,"href":"https:\/\/247stiri.ro\/index.php\/wp-json\/wp\/v2\/comments?post=13110"}],"version-history":[{"count":0,"href":"https:\/\/247stiri.ro\/index.php\/wp-json\/wp\/v2\/posts\/13110\/revisions"}],"wp:featuredmedia":[{"embeddable":true,"href":"https:\/\/247stiri.ro\/index.php\/wp-json\/wp\/v2\/media\/13111"}],"wp:attachment":[{"href":"https:\/\/247stiri.ro\/index.php\/wp-json\/wp\/v2\/media?parent=13110"}],"wp:term":[{"taxonomy":"category","embeddable":true,"href":"https:\/\/247stiri.ro\/index.php\/wp-json\/wp\/v2\/categories?post=13110"},{"taxonomy":"post_tag","embeddable":true,"href":"https:\/\/247stiri.ro\/index.php\/wp-json\/wp\/v2\/tags?post=13110"}],"curies":[{"name":"wp","href":"https:\/\/api.w.org\/{rel}","templated":true}]}}