{"id":13112,"date":"2024-12-03T10:45:02","date_gmt":"2024-12-03T10:45:02","guid":{"rendered":"https:\/\/247stiri.ro\/index.php\/2024\/12\/03\/rares-bogdan-si-a-dat-demisia-din-functia-de-presedinte-al-pnl-diaspora-eu-asta-le-recomand-celor-cu-rezultate-slabe\/"},"modified":"2024-12-03T10:45:02","modified_gmt":"2024-12-03T10:45:02","slug":"rares-bogdan-si-a-dat-demisia-din-functia-de-presedinte-al-pnl-diaspora-eu-asta-le-recomand-celor-cu-rezultate-slabe","status":"publish","type":"post","link":"https:\/\/247stiri.ro\/index.php\/2024\/12\/03\/rares-bogdan-si-a-dat-demisia-din-functia-de-presedinte-al-pnl-diaspora-eu-asta-le-recomand-celor-cu-rezultate-slabe\/","title":{"rendered":"Rare\u0219 Bogdan \u0219i-a dat demisia din func\u021bia de pre\u0219edinte al PNL Diaspora: \u201eEu asta le recomand celor cu rezultate slabe\u201d"},"content":{"rendered":"<p>Rare\u0219 Bogdan a subliniat c\u0103 aceast\u0103 demisie este un act de responsabilitate \u0219i un exemplu pentru ceilal\u021bi lideri ai partidului, \u00een special pentru cei care conduc filiale cu rezultate slabe.\u00a0<\/p>\n<p>\u201eR\u0103m\u00e2n membru \u00een Biroul Executiv (BEX), \u00een Biroul Politic Na\u021bional (BPN) \u0219i lider la Bruxelles, dar nu este firesc s\u0103 r\u0103m\u00e2n pre\u0219edinte al filialei Diaspora, unde am ob\u021binut doar 8%. Eu asta le recomand tuturor celor care sunt printre ultimele filiale, s\u0103 fac\u0103 acest gest de onoare\u201d, a spus Rare\u0219 Bogdan.<\/p>\n<p>\u00a0<\/p>","protected":false},"excerpt":{"rendered":"<p>Rare\u0219 Bogdan a subliniat c\u0103 aceast\u0103 demisie este un act de responsabilitate \u0219i un exemplu&hellip;<\/p>\n","protected":false},"author":0,"featured_media":13113,"comment_status":"open","ping_status":"open","sticky":false,"template":"","format":"standard","meta":{"footnotes":""},"categories":[3],"tags":[],"class_list":["post-13112","post","type-post","status-publish","format-standard","has-post-thumbnail","hentry","category-politica"],"_links":{"self":[{"href":"https:\/\/247stiri.ro\/index.php\/wp-json\/wp\/v2\/posts\/13112","targetHints":{"allow":["GET"]}}],"collection":[{"href":"https:\/\/247stiri.ro\/index.php\/wp-json\/wp\/v2\/posts"}],"about":[{"href":"https:\/\/247stiri.ro\/index.php\/wp-json\/wp\/v2\/types\/post"}],"replies":[{"embeddable":true,"href":"https:\/\/247stiri.ro\/index.php\/wp-json\/wp\/v2\/comments?post=13112"}],"version-history":[{"count":0,"href":"https:\/\/247stiri.ro\/index.php\/wp-json\/wp\/v2\/posts\/13112\/revisions"}],"wp:featuredmedia":[{"embeddable":true,"href":"https:\/\/247stiri.ro\/index.php\/wp-json\/wp\/v2\/media\/13113"}],"wp:attachment":[{"href":"https:\/\/247stiri.ro\/index.php\/wp-json\/wp\/v2\/media?parent=13112"}],"wp:term":[{"taxonomy":"category","embeddable":true,"href":"https:\/\/247stiri.ro\/index.php\/wp-json\/wp\/v2\/categories?post=13112"},{"taxonomy":"post_tag","embeddable":true,"href":"https:\/\/247stiri.ro\/index.php\/wp-json\/wp\/v2\/tags?post=13112"}],"curies":[{"name":"wp","href":"https:\/\/api.w.org\/{rel}","templated":true}]}}