{"id":13115,"date":"2024-12-03T10:45:03","date_gmt":"2024-12-03T10:45:03","guid":{"rendered":"https:\/\/247stiri.ro\/index.php\/2024\/12\/03\/cum-a-motivat-ccr-decizia-de-validare-a-primului-tur-de-scrutin-hotararea-judecatorilor\/"},"modified":"2024-12-03T10:45:03","modified_gmt":"2024-12-03T10:45:03","slug":"cum-a-motivat-ccr-decizia-de-validare-a-primului-tur-de-scrutin-hotararea-judecatorilor","status":"publish","type":"post","link":"https:\/\/247stiri.ro\/index.php\/2024\/12\/03\/cum-a-motivat-ccr-decizia-de-validare-a-primului-tur-de-scrutin-hotararea-judecatorilor\/","title":{"rendered":"Cum a motivat CCR decizia de validare a primului tur de scrutin. Hot\u0103r\u00e2rea judec\u0103torilor"},"content":{"rendered":"<p>Curtea Constitu\u0163ional\u0103 precizeaz\u0103 \u00een motivarea deciziei de luni c\u0103, \u00eenainte de a se pronun\u0163a asupra rezultatului alegerilor, Curtea Constitu\u0163ional\u0103 a examinat dou\u0103 cereri de anulare a acestora, formulate de Cristian-Vasile Terhe\u015f \u015fi de Sebastian-Constantin Popescu.<\/p>\n<p>\u201dPrin Hot\u0103r\u00e2rea nr.29 din 28 noiembrie 2024, Curtea Constitu\u0163ional\u0103 a respins, ca tardiv\u0103, cererea de anulare a alegerilor pentru func\u0163ia de Pre\u015fedinte al Rom\u00e2niei din data de 24 noiembrie 2024 formulat\u0103 de domnul Sebastian-Constantin Popescu, av\u00e2nd \u00een vedere c\u0103 astfel de cereri puteau fi depuse p\u00e2n\u0103 la data de 26 noiembrie 2024, iar cererea formulat\u0103 de domnul Sebastian Constantin Popescu a fost depus\u0103 la data de 27 noiembrie 2024\u201d, precizeaz\u0103 judec\u0103torii CCR.\u00a0<\/p>\n<p>\u201eCurtea a observat c\u0103 nu sunt \u00eentrunite condi\u0163iile prev\u0103zute de art.52 alin.(1) din Legea nr.370\/2004, \u00een conformitate cu care Curtea Constitu\u0163ional\u0103 anuleaz\u0103 alegerile \u00een cazul \u00een care votarea \u015fi stabilirea rezultatelor au avut loc prin fraud\u0103 de natur\u0103 s\u0103 modifice atribuirea mandatului sau, dup\u0103 caz, ordinea candida\u0163ilor care particip\u0103 la al doilea tur de scrutin. Examin\u00e2nd procesele-verbale de consemnare \u015fi centralizare a rezultatelor vot\u0103rii, \u00eencheiate de birourile electorale jude\u0163ene, birourile electorale ale sectoarelor municipiului Bucure\u015fti, biroul electoral pentru sec\u0163iile de votare din str\u0103in\u0103tate, biroul electoral pentru votul prin coresponden\u0163\u0103, birourile electorale ale sec\u0163iilor de votare din str\u0103in\u0103tate\/ale sec\u0163iilor de votare din str\u0103in\u0103tate care \u00eendeplinesc atribu\u0163iile biroului electoral pentru votul prin coresponden\u0163\u0103 \u015fi de birourile electorale ale sec\u0163iilor de votare din \u0163ar\u0103, Curtea Constitu\u0163ional\u0103 constat\u0103 c\u0103 nu s-au produs neregularit\u0103\u0163i referitoare la \u00eentocmirea proceselor-verbale de c\u0103tre birourile electorale, de natur\u0103 s\u0103 infirme rezultatul stabilit\u201d, arat\u0103 motivarea deciziei.<\/p>\n<p>\u201eDin datele prezentate rezult\u0103 c\u0103 niciunul dintre candida\u0163i nu a \u00eentrunit majoritatea de voturi ale aleg\u0103torilor \u00eenscri\u015fi pe listele electorale necesar pentru a fi ales Pre\u015fedinte al Rom\u00e2niei \u00een primul tur de scrutin potrivit art.81 alin.(2) din Constitu\u0163ie, respectiv 9.010.901 voturi, \u015fi, \u00een consecin\u0163\u0103, nu poate fi declarat ales \u00een func\u0163ia de Pre\u015fedinte al Rom\u00e2niei. Ca atare, \u00een exercitarea atribu\u0163iilor sale stabilite prin dispozi\u0163iile art.37 alin.(1) din Legea nr.47\/1992, precum \u015fi ale art.53 alin.(1) \u015fi ale art.54 alin.(2) din Legea nr.370\/2004, Curtea Constitu\u0163ional\u0103 urmeaz\u0103 s\u0103 confirme, s\u0103 valideze \u015fi s\u0103 aduc\u0103 la cuno\u015ftin\u0163a public\u0103 prenumele \u015fi numele primilor 2 candida\u0163i care vor participa la cel de-al doilea tur de scrutin, precum \u015fi ziua vot\u0103rii.<\/p>\n<p>\u0162in\u00e2nd seama de num\u0103rul de voturi ob\u0163inute de c\u0103tre fiecare candidat la primul tur de scrutin \u015fi av\u00e2nd \u00een vedere dispozi\u0163iile art.81 alin.(3) din Constitu\u0163ie, la cel de-al doilea tur de scrutin vor participa domnul C\u0103lin Georgescu \u015fi doamna Elena-Valerica Lasconi, \u00een aceast\u0103 ordine. 14. Cel de-al doilea tur de scrutin urmeaz\u0103 s\u0103 aib\u0103 loc, potrivit art.54 alin.(1) din Legea nr.370\/2004, la dou\u0103 s\u0103pt\u0103m\u00e2ni de la primul tur de scrutin, \u015fi anume \u00een ziua de duminic\u0103, 8 decembrie 2024\u201d, se men\u0163ioneaz\u0103 \u00een motivare.\u00a0<\/p>","protected":false},"excerpt":{"rendered":"<p>Curtea Constitu\u0163ional\u0103 precizeaz\u0103 \u00een motivarea deciziei de luni c\u0103, \u00eenainte de a se pronun\u0163a asupra&hellip;<\/p>\n","protected":false},"author":0,"featured_media":13116,"comment_status":"open","ping_status":"open","sticky":false,"template":"","format":"standard","meta":{"footnotes":""},"categories":[2],"tags":[],"class_list":["post-13115","post","type-post","status-publish","format-standard","has-post-thumbnail","hentry","category-actual"],"_links":{"self":[{"href":"https:\/\/247stiri.ro\/index.php\/wp-json\/wp\/v2\/posts\/13115","targetHints":{"allow":["GET"]}}],"collection":[{"href":"https:\/\/247stiri.ro\/index.php\/wp-json\/wp\/v2\/posts"}],"about":[{"href":"https:\/\/247stiri.ro\/index.php\/wp-json\/wp\/v2\/types\/post"}],"replies":[{"embeddable":true,"href":"https:\/\/247stiri.ro\/index.php\/wp-json\/wp\/v2\/comments?post=13115"}],"version-history":[{"count":0,"href":"https:\/\/247stiri.ro\/index.php\/wp-json\/wp\/v2\/posts\/13115\/revisions"}],"wp:featuredmedia":[{"embeddable":true,"href":"https:\/\/247stiri.ro\/index.php\/wp-json\/wp\/v2\/media\/13116"}],"wp:attachment":[{"href":"https:\/\/247stiri.ro\/index.php\/wp-json\/wp\/v2\/media?parent=13115"}],"wp:term":[{"taxonomy":"category","embeddable":true,"href":"https:\/\/247stiri.ro\/index.php\/wp-json\/wp\/v2\/categories?post=13115"},{"taxonomy":"post_tag","embeddable":true,"href":"https:\/\/247stiri.ro\/index.php\/wp-json\/wp\/v2\/tags?post=13115"}],"curies":[{"name":"wp","href":"https:\/\/api.w.org\/{rel}","templated":true}]}}