{"id":13135,"date":"2024-12-03T11:44:59","date_gmt":"2024-12-03T11:44:59","guid":{"rendered":"https:\/\/247stiri.ro\/index.php\/2024\/12\/03\/doua-focare-de-pesta-porcina-in-romania-zeci-de-porci-au-fost-sacrificati-precizarile-dsvsa\/"},"modified":"2024-12-03T11:44:59","modified_gmt":"2024-12-03T11:44:59","slug":"doua-focare-de-pesta-porcina-in-romania-zeci-de-porci-au-fost-sacrificati-precizarile-dsvsa","status":"publish","type":"post","link":"https:\/\/247stiri.ro\/index.php\/2024\/12\/03\/doua-focare-de-pesta-porcina-in-romania-zeci-de-porci-au-fost-sacrificati-precizarile-dsvsa\/","title":{"rendered":"Dou\u0103 focare de pest\u0103 porcin\u0103 \u00een Rom\u00e2nia: Zeci de porci au fost sacrifica\u0163i &#8211; Preciz\u0103rile DSVSA"},"content":{"rendered":"<p>\u201eLa aceast\u0103 dat\u0103, pesta porcin\u0103 african\u0103 evolueaz\u0103 pe raza jude\u0163ului Buz\u0103u la nivelul a dou\u0103 exploata\u0163ii nonprofesionale, una situat\u0103 pe raza comunei Cozieni \u015fi cea de-a doua \u00een comuna Tis\u0103u.<\/p>\n<p>Focarele declarate sunt de cur\u00e2nd, \u00een ultimele 10 zile, pe data de 25 noiembrie a fost declarat primul focar la Cozieni, unde sunt afectate 35 de suine care au fost ecarisate \u015fi pe data de 30 noiembrie a fost declarat al doilea focar, fiind afectate dou\u0103 suine.<\/p>\n<p>La aceast\u0103 dat\u0103, la nivelul acestor localit\u0103\u0163i s-a instituit m\u0103sur\u0103 de restric\u0163ie \u00een ceea ce prive\u015fte circula\u0163ia porcinelor, sunt interzise mi\u015fc\u0103rile de porcine pe raza localit\u0103\u0163ilor, \u00een zona de protec\u0163ie \u015fi supraveghere, respectiv de 10 kilometri \u00een jurul focarelor&#8221;, a declarat purt\u0103torul de cuv\u00e2nt al DSVSA Buz\u0103u, Iulian Moca.<\/p>\n<p>Potrivit speciali\u015ftilor, cele dou\u0103 focare de pest\u0103 porcin\u0103 ar fi avut drept surs\u0103 un alt focar \u00eenregistrat \u00een mediul silvatic, la porcii mistre\u0163i.<\/p>","protected":false},"excerpt":{"rendered":"<p>\u201eLa aceast\u0103 dat\u0103, pesta porcin\u0103 african\u0103 evolueaz\u0103 pe raza jude\u0163ului Buz\u0103u la nivelul a dou\u0103&hellip;<\/p>\n","protected":false},"author":0,"featured_media":13136,"comment_status":"open","ping_status":"open","sticky":false,"template":"","format":"standard","meta":{"footnotes":""},"categories":[2],"tags":[],"class_list":["post-13135","post","type-post","status-publish","format-standard","has-post-thumbnail","hentry","category-actual"],"_links":{"self":[{"href":"https:\/\/247stiri.ro\/index.php\/wp-json\/wp\/v2\/posts\/13135","targetHints":{"allow":["GET"]}}],"collection":[{"href":"https:\/\/247stiri.ro\/index.php\/wp-json\/wp\/v2\/posts"}],"about":[{"href":"https:\/\/247stiri.ro\/index.php\/wp-json\/wp\/v2\/types\/post"}],"replies":[{"embeddable":true,"href":"https:\/\/247stiri.ro\/index.php\/wp-json\/wp\/v2\/comments?post=13135"}],"version-history":[{"count":0,"href":"https:\/\/247stiri.ro\/index.php\/wp-json\/wp\/v2\/posts\/13135\/revisions"}],"wp:featuredmedia":[{"embeddable":true,"href":"https:\/\/247stiri.ro\/index.php\/wp-json\/wp\/v2\/media\/13136"}],"wp:attachment":[{"href":"https:\/\/247stiri.ro\/index.php\/wp-json\/wp\/v2\/media?parent=13135"}],"wp:term":[{"taxonomy":"category","embeddable":true,"href":"https:\/\/247stiri.ro\/index.php\/wp-json\/wp\/v2\/categories?post=13135"},{"taxonomy":"post_tag","embeddable":true,"href":"https:\/\/247stiri.ro\/index.php\/wp-json\/wp\/v2\/tags?post=13135"}],"curies":[{"name":"wp","href":"https:\/\/api.w.org\/{rel}","templated":true}]}}