{"id":13162,"date":"2024-12-03T12:46:23","date_gmt":"2024-12-03T12:46:23","guid":{"rendered":"https:\/\/247stiri.ro\/index.php\/2024\/12\/03\/elena-lasconi-si-marcel-ciolacu-au-vorbit-s-a-dat-semnalul-pentru-un-guvern-de-uniune-nationala-pro-europeana\/"},"modified":"2024-12-03T12:46:23","modified_gmt":"2024-12-03T12:46:23","slug":"elena-lasconi-si-marcel-ciolacu-au-vorbit-s-a-dat-semnalul-pentru-un-guvern-de-uniune-nationala-pro-europeana","status":"publish","type":"post","link":"https:\/\/247stiri.ro\/index.php\/2024\/12\/03\/elena-lasconi-si-marcel-ciolacu-au-vorbit-s-a-dat-semnalul-pentru-un-guvern-de-uniune-nationala-pro-europeana\/","title":{"rendered":"Elena Lasconi \u0219i Marcel Ciolacu au vorbit. S-a dat SEMNALUL pentru un guvern de Uniune Na\u021bional\u0103 pro-european\u0103"},"content":{"rendered":"<p>Dup\u0103 rezultatele alegerilor parlamentare toate partidele \u00ee\u0219i doresc s\u0103 intre la guvernare. Este un lucru pe care \u0219i-l dore\u0219te \u0219i Partidul Social-Democrat \u0219i, spunea Marcel Cioracu dup\u0103 \u0219edin\u021ba de seara trecut\u0103, c\u0103 PSD trebuie s\u0103 r\u0103m\u00e2n\u0103 un liant pentru echilibru \u0219i c\u0103, \u00eentr-adev\u0103r, ia \u00een calcul s\u0103 intre la guvernare \u0219i c\u0103 primul cu care va discuta este Ilie Bolojan, av\u00e2nd \u00een vedere c\u0103, \u00een continuare, \u00eentre PSD \u0219i PNL exist\u0103 o coali\u021bie guvernamental\u0103. <\/p>\n<p>Nu \u0219tim cu exactitate c\u00e2nd vor avea loc aceste discu\u021bii, \u00eens\u0103 e nevoie ca partidele s\u0103 se pun\u0103 la aceea\u0219i mas\u0103, transmitea inclusiv Marcel Cioracu, \u0219i, pe de alt\u0103 parte, am putea asista \u0219i la o \u00eent\u00e2lnire \u00eentre Marcel Cioracu \u0219i Elena Lasconi pentru a discuta despre eventuale alian\u021be, pentru c\u0103 Elena Lasconi a spus c\u0103 ar trebui s\u0103 avem un guvern de Uniune Na\u021bional\u0103 format din PSD, PNL, USR \u0219i UDMR, \u0219i c\u0103 trebuie s\u0103 existe discu\u021bii.<\/p>\n<p>Pe de alt\u0103 parte, \u00een ceea ce prive\u0219te strategia pentru un viitor premier, am v\u0103zut o schimbare la Elena Lasconi seara trecut\u0103, care spunea c\u0103 Ilie Bolojan ar trebui s\u0103 \u00een\u021beleag\u0103 procentele \u0219i exist\u0103 posibilitatea \u0219i unui premier tehnocrat.<\/p>\n<p>Cert este c\u0103, \u00een aceste momente, PSD urmeaz\u0103 s\u0103 discute cu PNL prima dat\u0103. Vom vedea cu exactitate c\u00e2nd vor avea loc aceste discu\u021bii \u0219i vom vedea dac\u0103 vor reu\u0219i partidele s\u0103 se \u00een\u021beleag\u0103 pentru o eventual\u0103 guvernare de Uniune Na\u021bional\u0103.<\/p>","protected":false},"excerpt":{"rendered":"<p>Dup\u0103 rezultatele alegerilor parlamentare toate partidele \u00ee\u0219i doresc s\u0103 intre la guvernare. Este un lucru&hellip;<\/p>\n","protected":false},"author":0,"featured_media":13158,"comment_status":"open","ping_status":"open","sticky":false,"template":"","format":"standard","meta":{"footnotes":""},"categories":[2],"tags":[],"class_list":["post-13162","post","type-post","status-publish","format-standard","has-post-thumbnail","hentry","category-actual"],"_links":{"self":[{"href":"https:\/\/247stiri.ro\/index.php\/wp-json\/wp\/v2\/posts\/13162","targetHints":{"allow":["GET"]}}],"collection":[{"href":"https:\/\/247stiri.ro\/index.php\/wp-json\/wp\/v2\/posts"}],"about":[{"href":"https:\/\/247stiri.ro\/index.php\/wp-json\/wp\/v2\/types\/post"}],"replies":[{"embeddable":true,"href":"https:\/\/247stiri.ro\/index.php\/wp-json\/wp\/v2\/comments?post=13162"}],"version-history":[{"count":0,"href":"https:\/\/247stiri.ro\/index.php\/wp-json\/wp\/v2\/posts\/13162\/revisions"}],"wp:featuredmedia":[{"embeddable":true,"href":"https:\/\/247stiri.ro\/index.php\/wp-json\/wp\/v2\/media\/13158"}],"wp:attachment":[{"href":"https:\/\/247stiri.ro\/index.php\/wp-json\/wp\/v2\/media?parent=13162"}],"wp:term":[{"taxonomy":"category","embeddable":true,"href":"https:\/\/247stiri.ro\/index.php\/wp-json\/wp\/v2\/categories?post=13162"},{"taxonomy":"post_tag","embeddable":true,"href":"https:\/\/247stiri.ro\/index.php\/wp-json\/wp\/v2\/tags?post=13162"}],"curies":[{"name":"wp","href":"https:\/\/api.w.org\/{rel}","templated":true}]}}