{"id":13218,"date":"2024-12-03T15:45:04","date_gmt":"2024-12-03T15:45:04","guid":{"rendered":"https:\/\/247stiri.ro\/index.php\/2024\/12\/03\/klaus-iohannis-declaratii-pe-final-de-mandat-vom-avea-alt-presedinte-alt-parlament-alt-guvern-dar-romania-ramane-a-noastra\/"},"modified":"2024-12-03T15:45:04","modified_gmt":"2024-12-03T15:45:04","slug":"klaus-iohannis-declaratii-pe-final-de-mandat-vom-avea-alt-presedinte-alt-parlament-alt-guvern-dar-romania-ramane-a-noastra","status":"publish","type":"post","link":"https:\/\/247stiri.ro\/index.php\/2024\/12\/03\/klaus-iohannis-declaratii-pe-final-de-mandat-vom-avea-alt-presedinte-alt-parlament-alt-guvern-dar-romania-ramane-a-noastra\/","title":{"rendered":"Klaus Iohannis, declara\u021bii pe final de mandat: Vom avea alt pre\u015fedinte, alt parlament, alt guvern, dar Rom\u00e2nia r\u0103m\u00e2ne a noastr\u0103"},"content":{"rendered":"<p>El a g\u0103zduit ceremonia de decorare a unor personalit\u0103\u0163i civile cu prilejul Zilei Na\u0163ionale a Rom\u00e2niei, ultima de acest gen din mandatul s\u0103u.<\/p>\n<p>&#8222;Dumneavoastr\u0103 face\u0163i parte din elitele Rom\u00e2niei. \u015ei, \u00een acest sens, v\u0103 rog s\u0103 r\u0103m\u00e2ne\u0163i conecta\u0163i, implica\u0163i \u015fi suficient de hot\u0103r\u00e2\u0163i ca s\u0103 duce\u0163i lucrurile bune mai departe. Rom\u00e2nii merit\u0103 acest lucru, Rom\u00e2nia merit\u0103 acest lucru&#8221;, s-a adresat \u015feful statului celor decora\u0163i.<\/p>\n<p>Iohannis a eviden\u0163iat c\u0103 decora\u0163iile au fost acordate pentru merite deosebite.&#8221;Pentru mine este o onoare \u015fi o bucurie s\u0103 v\u0103 acord aceste decora\u0163ii \u00een numele statului rom\u00e2n. Este o tradi\u0163ie pe care am respectat-o \u00een ultimii zece ani, ca, de ocazia Zilei Na\u0163ionale, s\u0103 decorez persoane din toate zonele civile care s-au remarcat \u00een activitatea lor profesional\u0103 \u015fi pentru comunitate. A\u0163i f\u0103cut acest lucru \u015fi, de aceea, suntem ast\u0103zi aici&#8221;, a spus el.<\/p>\n<p><a title='Klaus Iohannis a votat la parlamentare: ,,Este foarte important sa stim cum ne pozitionam cand venim la vot\"' href=\"https:\/\/www.realitatea.net\/stiri\/actual\/klaus-iohannis-la-alegerile-parlamentare-este-foarte-important-sa-stim-cum-ne-pozitionam-cand-venim-la-vot_674c0c098ad42e3b3d61a8a2\">Klaus Iohannis a votat la parlamentare: \u201eEste foarte important s\u0103 \u0219tim cum ne pozi\u021bion\u0103m c\u00e2nd venim la vot\u201d<\/a><\/p>","protected":false},"excerpt":{"rendered":"<p>El a g\u0103zduit ceremonia de decorare a unor personalit\u0103\u0163i civile cu prilejul Zilei Na\u0163ionale a&hellip;<\/p>\n","protected":false},"author":0,"featured_media":13219,"comment_status":"open","ping_status":"open","sticky":false,"template":"","format":"standard","meta":{"footnotes":""},"categories":[2],"tags":[],"class_list":["post-13218","post","type-post","status-publish","format-standard","has-post-thumbnail","hentry","category-actual"],"_links":{"self":[{"href":"https:\/\/247stiri.ro\/index.php\/wp-json\/wp\/v2\/posts\/13218","targetHints":{"allow":["GET"]}}],"collection":[{"href":"https:\/\/247stiri.ro\/index.php\/wp-json\/wp\/v2\/posts"}],"about":[{"href":"https:\/\/247stiri.ro\/index.php\/wp-json\/wp\/v2\/types\/post"}],"replies":[{"embeddable":true,"href":"https:\/\/247stiri.ro\/index.php\/wp-json\/wp\/v2\/comments?post=13218"}],"version-history":[{"count":0,"href":"https:\/\/247stiri.ro\/index.php\/wp-json\/wp\/v2\/posts\/13218\/revisions"}],"wp:featuredmedia":[{"embeddable":true,"href":"https:\/\/247stiri.ro\/index.php\/wp-json\/wp\/v2\/media\/13219"}],"wp:attachment":[{"href":"https:\/\/247stiri.ro\/index.php\/wp-json\/wp\/v2\/media?parent=13218"}],"wp:term":[{"taxonomy":"category","embeddable":true,"href":"https:\/\/247stiri.ro\/index.php\/wp-json\/wp\/v2\/categories?post=13218"},{"taxonomy":"post_tag","embeddable":true,"href":"https:\/\/247stiri.ro\/index.php\/wp-json\/wp\/v2\/tags?post=13218"}],"curies":[{"name":"wp","href":"https:\/\/api.w.org\/{rel}","templated":true}]}}