{"id":13357,"date":"2024-12-04T06:45:13","date_gmt":"2024-12-04T06:45:13","guid":{"rendered":"https:\/\/247stiri.ro\/index.php\/2024\/12\/04\/presedintele-sud-coreean-anunta-ridicarea-legii-martiale-si-retragerea-trupelor\/"},"modified":"2024-12-04T06:45:13","modified_gmt":"2024-12-04T06:45:13","slug":"presedintele-sud-coreean-anunta-ridicarea-legii-martiale-si-retragerea-trupelor","status":"publish","type":"post","link":"https:\/\/247stiri.ro\/index.php\/2024\/12\/04\/presedintele-sud-coreean-anunta-ridicarea-legii-martiale-si-retragerea-trupelor\/","title":{"rendered":"Pre\u0219edintele sud-coreean anun\u021b\u0103 ridicarea legii mar\u021biale \u0219i retragerea trupelor\u00a0"},"content":{"rendered":"<p>Yoon, a c\u0103rui cot\u0103 de popularitate era deja extrem de sc\u0103zut\u0103, a anun\u0163at introducerea legii mar\u0163iale \u00een timpul unui discurs surpriz\u0103 mar\u0163i seara, acuz\u00e2nd opozi\u0163ia c\u0103 reprezint\u0103 &#8222;for\u0163e ostile statului&#8221;.<\/p>\n<p>Un conflict privind adoptarea bugetului s\u0103u \u00een parlament, unde tab\u0103ra preziden\u0163ial\u0103 este \u00een minoritate, a detonat situa\u0163ia.<\/p>\n<p>La anun\u0163ul introducerii legii mar\u0163iale, elicoptere ale armatei au aterizat pe acoperi\u015ful parlamentului, dar deputa\u0163ii s-au putut \u00eent\u00e2lni \u00een grab\u0103 pentru a adopta o rezolu\u0163ie cer\u00e2nd abrogarea m\u0103surii.<\/p>\n<p>\u00cen paralel, sute de manifestan\u0163i s-au adunat \u00een fa\u0163a parlamentului pentru a cere retragerea textului \u015fi demisia lui Yoon.<\/p>\n<p>Impunerea legii mar\u0163iale, o premier\u0103 \u00een \u0163ar\u0103 dup\u0103 mai bine de 40 de ani, implica suspendarea vie\u0163ii politice, precum \u015fi \u00eenchiderea parlamentului \u015fi trecerea presei sub control.<\/p>\n<p>Acest anun\u0163 a provocat \u00eengrijorare \u015fi dezaprobare \u00een \u00eentreaga lume, \u00een special \u00een Statele Unite, principalul aliat al Seulului \u00eempotriva Coreei de Nord, \u015fi \u00een China.<\/p>\n<p>\u00cen Coreea de Sud, principalul partid de opozi\u0163ie (Partidul Democrat) a cerut &#8222;demisia&#8221; lui Yoon \u015fi a amenin\u0163at c\u0103 va ini\u0163ia procedurile de demitere \u00eempotriva lui dac\u0103 nu o depune &#8222;imediat&#8221;.<\/p>\n<p>Partidul propriu al pre\u015fedintelui, Partidul Puterii Poporului, a subliniat miercuri c\u0103 Yoon ar urma s\u0103 fie tras la r\u0103spundere.<\/p>\n<p>&#8222;Pre\u015fedintele trebuie s\u0103 explice aceast\u0103 situa\u0163ie tragic\u0103 imediat \u015fi \u00een detaliu&#8221;, a declarat la televiziune \u015feful partidului s\u0103u, Han Dong-hoon, subliniind c\u0103 &#8222;to\u0163i cei responsabili vor trebui tra\u015fi la r\u0103spundere&#8221;.<\/p>\n<p>\u015eeful de cabinet al pre\u015fedintelui \u015fi importan\u0163i colaboratori &#8222;\u015fi-au prezentat demisiile \u00een mas\u0103&#8221; miercuri diminea\u0163a, potrivit agen\u0163iei na\u0163ionale Yonhap.<\/p>\n<p>Confedera\u0163ia coreean\u0103 a sindicatelor, cel mai mare sindicat din \u0163ar\u0103 cu aproximativ 1,2 milioane de membri, a chemat la o &#8222;grev\u0103 general\u0103 nelimitat\u0103&#8221; p\u00e2n\u0103 la demisia lui Yoon, fiind de p\u0103rere c\u0103 el \u015fi-a semnat &#8222;propriul sf\u00e2r\u015fit la putere&#8221;.<\/p>\n<p>\u00cen urma declar\u0103rii legii mar\u0163iale, parlamentul s-a reunit \u00een timp ce solda\u0163ii for\u0163elor speciale \u00eencercau s\u0103 intre \u00een sala de \u015fedin\u0163e.<\/p>\n<p>\u00cen fa\u0163a cl\u0103dirii, \u00eenchis\u0103 peste noapte, manifestan\u0163ii au strigat: &#8222;Aresta\u0163i-l pe Yoon Suk Yeol!&#8221;, au constatat jurnali\u015fti ai AFP.<\/p>\n<p>&#8222;Pentru ce a trebuit s\u0103 venim aici dup\u0103 ce am muncit toat\u0103 ziua, la mijlocul s\u0103pt\u0103m\u00e2nii?&#8221;, a strigat un manifestant. &#8222;Este din cauza acestei legi mar\u0163iale f\u0103r\u0103 sens, decretat\u0103 de Yoon, care a \u00eennebunit&#8221;, a strigat un alt protestatar, aplaudat de sute de oameni.<\/p>\n<p>Yoon a decis \u00een cele din urm\u0103 s\u0103 anun\u0163e la televizor ridicarea legii mar\u0163iale \u015fi retragerea trupelor desf\u0103\u015furate \u00een capital\u0103, st\u00e2rnind strig\u0103tele de bucurie ale manifestan\u0163ilor.<\/p>\n<p>La cererea Adun\u0103rii Na\u0163ionale, &#8222;am retras solda\u0163ii care au fost desf\u0103\u015fura\u0163i pentru opera\u0163iunile legii mar\u0163iale&#8221;, a spus Yoon la ora local\u0103 04.30 (mar\u0163i 19.30 GMT).<\/p>\n<p>Armata indicase c\u0103 va respecta doar ordinele pre\u015fedintelui.<\/p>\n<p>Mar\u0163i t\u00e2rziu, Yoon Suk Yeol, \u00eentr-un discurs surpriz\u0103, a explicat alegerea sa de a re\u00eenvia o lege care a fost activat\u0103 ultima dat\u0103 \u00een 1980, c\u00e2nd sute de mii de oameni au ie\u015fit \u00een strad\u0103 pentru a protesta fa\u0163\u0103 de o lovitur\u0103 de stat militar\u0103. Manifesta\u0163ii reprimate s\u00e2ngeros, relateaz\u0103 agerpres.ro.<\/p>\n<p>\u00cen contextul unor dificult\u0103\u0163i \u00een adoptarea bugetului, Yoon a justificat mar\u0163i m\u0103sura spun\u00e2nd c\u0103 dore\u015fte &#8222;eliminarea elementelor ostile statului&#8221; \u015fi &#8222;protejarea Coreei de Sud liberale de amenin\u0163\u0103rile reprezentate de for\u0163ele comuniste nord-coreene&#8221;.<\/p>\n<p>Printre altele, el a criticat o &#8222;dictatur\u0103 legislativ\u0103&#8221; \u015fi i-a acuzat pe ale\u015fii opozi\u0163iei c\u0103 blocheaz\u0103 &#8222;toate bugetele esen\u0163iale func\u0163iilor primare ale na\u0163iunii&#8221;.<\/p>\n<p>Liderul opozi\u0163iei, Lee Jae-myung, care a pierdut la limit\u0103 alegerile preziden\u0163iale \u00een fa\u0163a lui Yoon \u00een 2022, a calificat m\u0103sura impus\u0103 de acesta drept &#8222;ilegal\u0103&#8221; \u015fi a \u00eendemnat la manifesta\u0163ii \u00een fa\u0163a parlamentului.<\/p>\n<p>Casa Alb\u0103 a afirmat c\u0103 nu era la curent cu inten\u0163iile lui Yoon.<\/p>\n<p>Na\u0163iunile Unite \u015fi Marea Britanie \u015f-au exprimat, de asemenea, \u00eengrijorarea, \u00een timp ce China le-a cerut cet\u0103\u0163enilor s\u0103i din Coreea de Sud s\u0103 fie precau\u0163i. Moscova, care \u015fi-a \u00eent\u0103rit leg\u0103turile cu Coreea de Nord \u00een urma r\u0103zboiului s\u0103u din Ucraina, a considerat situa\u0163ia &#8222;alarmant\u0103&#8221;.<\/p>\n<p>Japonia, la r\u00e2ndul ei, a declarat miercuri c\u0103 supravegheaz\u0103 situa\u0163ia cu &#8222;o \u00eengrijorare excep\u0163ional\u0103 \u015fi serioas\u0103&#8221;.<\/p>\n<p>\u00a0<\/p>\n<p>\u00a0<\/p>","protected":false},"excerpt":{"rendered":"<p>Yoon, a c\u0103rui cot\u0103 de popularitate era deja extrem de sc\u0103zut\u0103, a anun\u0163at introducerea legii&hellip;<\/p>\n","protected":false},"author":0,"featured_media":13358,"comment_status":"open","ping_status":"open","sticky":false,"template":"","format":"standard","meta":{"footnotes":""},"categories":[4],"tags":[],"class_list":["post-13357","post","type-post","status-publish","format-standard","has-post-thumbnail","hentry","category-extern"],"_links":{"self":[{"href":"https:\/\/247stiri.ro\/index.php\/wp-json\/wp\/v2\/posts\/13357","targetHints":{"allow":["GET"]}}],"collection":[{"href":"https:\/\/247stiri.ro\/index.php\/wp-json\/wp\/v2\/posts"}],"about":[{"href":"https:\/\/247stiri.ro\/index.php\/wp-json\/wp\/v2\/types\/post"}],"replies":[{"embeddable":true,"href":"https:\/\/247stiri.ro\/index.php\/wp-json\/wp\/v2\/comments?post=13357"}],"version-history":[{"count":0,"href":"https:\/\/247stiri.ro\/index.php\/wp-json\/wp\/v2\/posts\/13357\/revisions"}],"wp:featuredmedia":[{"embeddable":true,"href":"https:\/\/247stiri.ro\/index.php\/wp-json\/wp\/v2\/media\/13358"}],"wp:attachment":[{"href":"https:\/\/247stiri.ro\/index.php\/wp-json\/wp\/v2\/media?parent=13357"}],"wp:term":[{"taxonomy":"category","embeddable":true,"href":"https:\/\/247stiri.ro\/index.php\/wp-json\/wp\/v2\/categories?post=13357"},{"taxonomy":"post_tag","embeddable":true,"href":"https:\/\/247stiri.ro\/index.php\/wp-json\/wp\/v2\/tags?post=13357"}],"curies":[{"name":"wp","href":"https:\/\/api.w.org\/{rel}","templated":true}]}}