{"id":13395,"date":"2024-12-04T08:44:57","date_gmt":"2024-12-04T08:44:57","guid":{"rendered":"https:\/\/247stiri.ro\/index.php\/2024\/12\/04\/piedone-a-ramas-in-afara-parlamentului-decizia-luata-de-bec\/"},"modified":"2024-12-04T08:44:57","modified_gmt":"2024-12-04T08:44:57","slug":"piedone-a-ramas-in-afara-parlamentului-decizia-luata-de-bec","status":"publish","type":"post","link":"https:\/\/247stiri.ro\/index.php\/2024\/12\/04\/piedone-a-ramas-in-afara-parlamentului-decizia-luata-de-bec\/","title":{"rendered":"Piedone a r\u0103mas \u00een afara Parlamentului. Decizia, luat\u0103 de BEC\u00a0"},"content":{"rendered":"<p>Biroul Electoral Central tran\u0219eaz\u0103 situa\u021bia func\u021biilor de senator din Giurgiu \u0219i Ialomi\u021ba. Pentru c\u0103 Partidul Oamenilor Tineri (POT), c\u0103ruia i s-ar fi cuvenit cele dou\u0103 posturi, nu a avut candida\u021bi la Senat \u00een cele dou\u0103 jude\u021be, BEC interpreteaz\u0103 legea \u00een sensul r\u0103m\u00e2nerii vacante a func\u021biilor.<\/p>\n<p>Ini\u021bial, pre\u0219edintele AEP, Toni Grebl\u0103, afirma c\u0103 mandatele vor fi trase la sor\u021bi, \u00een temeiul art. 94 alin. (8) litera c) din Legea nr. 208\/2015 privind alegerea Senatului \u015fi a Camerei Deputa\u0163ilor.<\/p>\n<p>\u201eEu spun ce zice legea. \u00cen momentul \u00een care, la redistribuire \u2013 pentru c\u0103 este vorba de redistribuirea mandatelor aici, nu este vorba de mandate \u00eentregi \u2013 unui anume competitor politic, pe redistribuire, repet, i-ar mai reveni un mandat \u015fi acea forma\u0163iune n-are competitor desemnat, deci a desemnat mai pu\u0163ini candida\u0163i dec\u00e2t s\u0103 i-ar fi permis legea s\u0103 ob\u0163in\u0103, atunci acel mandat, care nu poate s\u0103 apar\u0163in\u0103 POT pentru c\u0103, efectiv, nu are candidat, va fi tras la sor\u0163i dintre toate celelalte partide care au trecut pragul de 5%. \u015ei, deci, \u00eentre celelalte \u015fase forma\u0163iuni politice va fi organizat\u0103, la sediul Biroului Electoral Central, o tragere la sor\u0163i \u015fi acel mandat va reveni celui care va atrage lozul c\u00e2\u015ftig\u0103tor\u201d, a precizat Toni Grebl\u0103.<\/p>\n<p>Biroul Electoral Central a interpretat \u00eens\u0103 diferit textul de lege, stabilind c\u0103 madatele trebuie s\u0103 r\u0103m\u00e2n\u0103 neatribuite, \u00een condi\u021biile \u00een care POT nu are candida\u021bi, precizeaz\u0103 surse din cadrul BEC citate de ziarulprofit.ro.<\/p>\n<p>Cristian Popescu Piedone r\u0103m\u00e2ne, astfel, \u00een afara Parlamentului.\u00a0<\/p>","protected":false},"excerpt":{"rendered":"<p>Biroul Electoral Central tran\u0219eaz\u0103 situa\u021bia func\u021biilor de senator din Giurgiu \u0219i Ialomi\u021ba. Pentru c\u0103 Partidul&hellip;<\/p>\n","protected":false},"author":0,"featured_media":13396,"comment_status":"open","ping_status":"open","sticky":false,"template":"","format":"standard","meta":{"footnotes":""},"categories":[3],"tags":[],"class_list":["post-13395","post","type-post","status-publish","format-standard","has-post-thumbnail","hentry","category-politica"],"_links":{"self":[{"href":"https:\/\/247stiri.ro\/index.php\/wp-json\/wp\/v2\/posts\/13395","targetHints":{"allow":["GET"]}}],"collection":[{"href":"https:\/\/247stiri.ro\/index.php\/wp-json\/wp\/v2\/posts"}],"about":[{"href":"https:\/\/247stiri.ro\/index.php\/wp-json\/wp\/v2\/types\/post"}],"replies":[{"embeddable":true,"href":"https:\/\/247stiri.ro\/index.php\/wp-json\/wp\/v2\/comments?post=13395"}],"version-history":[{"count":0,"href":"https:\/\/247stiri.ro\/index.php\/wp-json\/wp\/v2\/posts\/13395\/revisions"}],"wp:featuredmedia":[{"embeddable":true,"href":"https:\/\/247stiri.ro\/index.php\/wp-json\/wp\/v2\/media\/13396"}],"wp:attachment":[{"href":"https:\/\/247stiri.ro\/index.php\/wp-json\/wp\/v2\/media?parent=13395"}],"wp:term":[{"taxonomy":"category","embeddable":true,"href":"https:\/\/247stiri.ro\/index.php\/wp-json\/wp\/v2\/categories?post=13395"},{"taxonomy":"post_tag","embeddable":true,"href":"https:\/\/247stiri.ro\/index.php\/wp-json\/wp\/v2\/tags?post=13395"}],"curies":[{"name":"wp","href":"https:\/\/api.w.org\/{rel}","templated":true}]}}