{"id":13413,"date":"2024-12-04T09:44:48","date_gmt":"2024-12-04T09:44:48","guid":{"rendered":"https:\/\/247stiri.ro\/index.php\/2024\/12\/04\/aur-miscarea-pentru-reconstructia-romaniei-singura-varianta-pentru-renasterea-tarii\/"},"modified":"2024-12-04T09:44:48","modified_gmt":"2024-12-04T09:44:48","slug":"aur-miscarea-pentru-reconstructia-romaniei-singura-varianta-pentru-renasterea-tarii","status":"publish","type":"post","link":"https:\/\/247stiri.ro\/index.php\/2024\/12\/04\/aur-miscarea-pentru-reconstructia-romaniei-singura-varianta-pentru-renasterea-tarii\/","title":{"rendered":"AUR: Mi\u0219carea pentru reconstruc\u021bia Rom\u00e2niei, singura variant\u0103 pentru rena\u0219terea \u021b\u0103rii"},"content":{"rendered":"<p>Totodat\u0103, el a anun\u0163at crearea unei mi\u015fc\u0103ri care se va numi &#8222;Mi\u015fcarea pentru Reconstruc\u0163ia Rom\u00e2niei&#8221;.<\/p>\n<p>&#8222;Facem un pas c\u0103tre partenerii no\u015ftri sociali prin aceast\u0103 \u00eent\u00e2lnire. De regul\u0103, lucrurile se \u00eent\u00e2mpl\u0103 \u00een campanie, apoi nu mai exist\u0103 interes din partea mediului politic pentru a continua cele agreate, cele dezb\u0103tute. Suntem aici pentru a v\u0103 spune c\u0103 to\u0163i parlamentarii AUR v\u0103 vor sta la dispozi\u0163ie pentru \u00eendeplinirea celor stabilite pentru cauzele noastre comune, pentru m\u0103surile din programul de guvernare.<\/p>\n<p>Dac\u0103 oamenii nu se mobilizeaz\u0103 la vot, noul pre\u015fedinte al Rom\u00e2niei va fi Elena Lasconi. Dac\u0103 asta se \u00eent\u00e2mpl\u0103, ceea ce am agreat, am convenit \u00eempreun\u0103 \u015fi m\u0103surile din programul nostru de guvernare sunt aproape irealizabile. Vrem, ca s\u0103 putem mai mult, s\u0103 cre\u0103m o mi\u015fcare, pe care o ini\u0163iem \u015fi se va contura \u00een urm\u0103toarele s\u0103pt\u0103m\u00e2ni, Mi\u015fcarea pentru Reconstruc\u0163ia Rom\u00e2niei&#8221;, a spus George Simion, \u00een cadrul discu\u0163iilor purtate \u00een Parlament.\u00a0<\/p>","protected":false},"excerpt":{"rendered":"<p>Totodat\u0103, el a anun\u0163at crearea unei mi\u015fc\u0103ri care se va numi &#8222;Mi\u015fcarea pentru Reconstruc\u0163ia Rom\u00e2niei&#8221;.&hellip;<\/p>\n","protected":false},"author":0,"featured_media":13414,"comment_status":"open","ping_status":"open","sticky":false,"template":"","format":"standard","meta":{"footnotes":""},"categories":[3],"tags":[],"class_list":["post-13413","post","type-post","status-publish","format-standard","has-post-thumbnail","hentry","category-politica"],"_links":{"self":[{"href":"https:\/\/247stiri.ro\/index.php\/wp-json\/wp\/v2\/posts\/13413","targetHints":{"allow":["GET"]}}],"collection":[{"href":"https:\/\/247stiri.ro\/index.php\/wp-json\/wp\/v2\/posts"}],"about":[{"href":"https:\/\/247stiri.ro\/index.php\/wp-json\/wp\/v2\/types\/post"}],"replies":[{"embeddable":true,"href":"https:\/\/247stiri.ro\/index.php\/wp-json\/wp\/v2\/comments?post=13413"}],"version-history":[{"count":0,"href":"https:\/\/247stiri.ro\/index.php\/wp-json\/wp\/v2\/posts\/13413\/revisions"}],"wp:featuredmedia":[{"embeddable":true,"href":"https:\/\/247stiri.ro\/index.php\/wp-json\/wp\/v2\/media\/13414"}],"wp:attachment":[{"href":"https:\/\/247stiri.ro\/index.php\/wp-json\/wp\/v2\/media?parent=13413"}],"wp:term":[{"taxonomy":"category","embeddable":true,"href":"https:\/\/247stiri.ro\/index.php\/wp-json\/wp\/v2\/categories?post=13413"},{"taxonomy":"post_tag","embeddable":true,"href":"https:\/\/247stiri.ro\/index.php\/wp-json\/wp\/v2\/tags?post=13413"}],"curies":[{"name":"wp","href":"https:\/\/api.w.org\/{rel}","templated":true}]}}