{"id":13435,"date":"2024-12-04T10:44:49","date_gmt":"2024-12-04T10:44:49","guid":{"rendered":"https:\/\/247stiri.ro\/index.php\/2024\/12\/04\/pe-cine-va-numi-calin-georgescu-in-fruntea-serviciilor-de-informatii-viitorul-va-fi-al-patriotilor-si-al-profesionistilor\/"},"modified":"2024-12-04T10:44:49","modified_gmt":"2024-12-04T10:44:49","slug":"pe-cine-va-numi-calin-georgescu-in-fruntea-serviciilor-de-informatii-viitorul-va-fi-al-patriotilor-si-al-profesionistilor","status":"publish","type":"post","link":"https:\/\/247stiri.ro\/index.php\/2024\/12\/04\/pe-cine-va-numi-calin-georgescu-in-fruntea-serviciilor-de-informatii-viitorul-va-fi-al-patriotilor-si-al-profesionistilor\/","title":{"rendered":"Pe cine va numi C\u0103lin Georgescu \u00een fruntea serviciilor de informa\u021bii: \u201eViitorul va fi al patrio\u021bilor \u0219i al profesioni\u0219tilor\u201d"},"content":{"rendered":"<p>\u201eCe ar \u00eensemna s\u0103 ajunge\u021bi la Palatul Cotroceni efectiv? Pe cine ve\u021bi numi \u0219ef al SRI, la SIE, pe cine ve\u021bi numi \u0219ef la DNA? A\u0219a cum spunea pre\u0219edintele Trump, viitorul va fi al patrio\u021bilor, ad\u0103ug\u0103m \u0219i al oamenilor preg\u0103ti\u021bi moral \u0219i profesional. Asta este condi\u021bia. Restul nu pot s\u0103 v\u0103 spun c\u0103 nu am niciun nume.<\/p>\n<p>Nu le \u0219tiu pe toate, prin urmare voi fi foarte preg\u0103tit cu cei mai buni consilieri \u0219i cei mai buni exper\u021bi pe care \u00eei voi str\u00e2nge \u00een jurul meu. Asta cer \u0219i pe care \u00eei am deja. Vorbesc de echipa de la Cotroceni. Cu ei m\u0103 voi sf\u0103tui \u0219i voi vedea cum este cel mai bine.<\/p>\n<p>\u00cen societatea rom\u00e2neasc\u0103 ast\u0103zi conteaz\u0103 pe cine \u0219tii nu ce \u0219tii. Va fi invers. Va conta ce \u0219tii, nu pe cine \u0219tii. Fel de fel de pozi\u021bii din familie din prieteni bazate doar pe impostur\u0103 \u0219i incon\u0219tien\u021b\u0103 se va termina, a\u0219a cum se vor termina multe lucruri.<\/p>\n<p>C\u00e2nd mergi prin \u021bar\u0103 \u0219i e\u0219ti oprit \u00een trafic \u201eV\u0103 rog s\u0103 \u00eemi prezenta\u021bi actele la control. Care este povestea cu asta? A\u0219a ceva nu se mai poate \u00eent\u00e2mpla. C\u00e2nd nu respec\u021bi legea trebuie s\u0103 fie eficien\u021b\u0103 maxim\u0103. Plus chestiunea aceasta cu c\u0103tu\u0219e pe la televizor. E un spectacol pe care \u00een nicio \u021bar\u0103 civilizat\u0103 nu \u00eel vezi.\u201d, a declarat C\u0103lin Georgescu.<\/p>","protected":false},"excerpt":{"rendered":"<p>\u201eCe ar \u00eensemna s\u0103 ajunge\u021bi la Palatul Cotroceni efectiv? Pe cine ve\u021bi numi \u0219ef al&hellip;<\/p>\n","protected":false},"author":0,"featured_media":13436,"comment_status":"open","ping_status":"open","sticky":false,"template":"","format":"standard","meta":{"footnotes":""},"categories":[2],"tags":[],"class_list":["post-13435","post","type-post","status-publish","format-standard","has-post-thumbnail","hentry","category-actual"],"_links":{"self":[{"href":"https:\/\/247stiri.ro\/index.php\/wp-json\/wp\/v2\/posts\/13435","targetHints":{"allow":["GET"]}}],"collection":[{"href":"https:\/\/247stiri.ro\/index.php\/wp-json\/wp\/v2\/posts"}],"about":[{"href":"https:\/\/247stiri.ro\/index.php\/wp-json\/wp\/v2\/types\/post"}],"replies":[{"embeddable":true,"href":"https:\/\/247stiri.ro\/index.php\/wp-json\/wp\/v2\/comments?post=13435"}],"version-history":[{"count":0,"href":"https:\/\/247stiri.ro\/index.php\/wp-json\/wp\/v2\/posts\/13435\/revisions"}],"wp:featuredmedia":[{"embeddable":true,"href":"https:\/\/247stiri.ro\/index.php\/wp-json\/wp\/v2\/media\/13436"}],"wp:attachment":[{"href":"https:\/\/247stiri.ro\/index.php\/wp-json\/wp\/v2\/media?parent=13435"}],"wp:term":[{"taxonomy":"category","embeddable":true,"href":"https:\/\/247stiri.ro\/index.php\/wp-json\/wp\/v2\/categories?post=13435"},{"taxonomy":"post_tag","embeddable":true,"href":"https:\/\/247stiri.ro\/index.php\/wp-json\/wp\/v2\/tags?post=13435"}],"curies":[{"name":"wp","href":"https:\/\/api.w.org\/{rel}","templated":true}]}}