{"id":13438,"date":"2024-12-04T10:44:49","date_gmt":"2024-12-04T10:44:49","guid":{"rendered":"https:\/\/247stiri.ro\/index.php\/2024\/12\/04\/negocieri-intense-intre-partide-cine-va-fi-noul-premier-ce-nume-au-fost-deja-vehiculate\/"},"modified":"2024-12-04T10:44:49","modified_gmt":"2024-12-04T10:44:49","slug":"negocieri-intense-intre-partide-cine-va-fi-noul-premier-ce-nume-au-fost-deja-vehiculate","status":"publish","type":"post","link":"https:\/\/247stiri.ro\/index.php\/2024\/12\/04\/negocieri-intense-intre-partide-cine-va-fi-noul-premier-ce-nume-au-fost-deja-vehiculate\/","title":{"rendered":"Negocieri intense \u00eentre partide. Cine va fi noul premier? Ce nume au fost deja vehiculate"},"content":{"rendered":"<p>Fiecare partid negociaz\u0103 pentru func\u021bia de premier, este cea care va media rela\u021biile \u00een \u00eentreaga clas\u0103 politic\u0103. Calin Georgescu va numi un premier din majoritate coali\u021biei, liderul AUR, George Simion, fiind unul dintre numele vehiculat, dar \u0219i Ilie Bolojan, \u00a0actualul \u0219ef al PNL, cel propus pentru aceast\u0103 func\u021bie \u0219i de Nicolae Ciuc\u0103 atunci c\u00e2nd era pre\u0219edinte al liberalilor. Elena Lasconi a declarat c\u0103 este nevoie de un premier tehnocrat, chiar \u0219i de la PSD. Lucian Roma\u0219canu, purt\u0103torul de cuv\u00e2nt al PSD, a declarat c\u0103 varianta social democra\u021bilor pentru func\u021bia de premier va fi tot Marcel Ciolacu. La ora 17 va avea loc discu\u021bie crucial\u0103 intre liderii PSD, PNL, USR \u0219i UDMR plus alte minorit\u0103\u021bi, pentru o stabilirea candidatului.<\/p>\n<p>\u00a0<\/p>\n<p><a href=\"https:\/\/www.realitatea.net\/stiri\/politica\/calin-georgescu-voi-desemna-premier-din-majoritatea-parlamentara-vreau-sa-pun-romania-pe-harta-europei-si-a-lumii-platim-apa-energia-si-gazele-la-straini_674fe7809c8b6641e074a8a8\" target=\"_blank\">C\u0103lin Georgescu: Voi desemna premier din majoritatea parlamentar\u0103. Vreau s\u0103 pun Rom\u00e2nia pe harta Europei \u0219i a lumii. Pl\u0103tim apa, energia \u0219i gazele la str\u0103ini<\/a>\u00a0<\/p>\n<p>\u201eParlamentul a fost votat de popor, pre\u0219edintele la fel. Eu pot s\u0103 garantez c\u0103 voi aduce stabilitatea unui guvern, un guvern stabil. Asta pot s\u0103 fiu sigur\u2026 Desemn\u00e2nd un prim-ministru din coali\u021bia care se prezint\u0103 cu o majoritate. Dar un prim-ministru care e preg\u0103tit moral, profesional \u0219i evident putem negocia programul de \u021bar\u0103 prin care eu am fost ales. Dar s\u0103 vin\u0103 indiscutabil din partea unei majorit\u0103\u021bi. Deci respect\u0103m Constitu\u021bia. Nu doresc s\u0103 fiu dec\u00e2t pre\u0219edintele rom\u00e2nilor \u0219i pre\u0219edin\u021bia mea va fi a rom\u00e2nilor \u0219i nimic altceva\u201d, a spus C\u0103lin Georgescu.<\/p>\n<p><a href=\"https:\/\/www.realitatea.net\/stiri\/politica\/intalnire-de-gradul-zero-pentru-noul-guvern-ce-negocieri-se-poarta-in-spatele-usilor-inchise-se-contureaza-noua-majoritate_674ffc8a7228d1086043f616\" target=\"_blank\">\u00cent\u00e2lnire de gradul ZERO pentru noul guvern &#8211; se contureaz\u0103 noua majoritate: PSD, PNL \u0219i USR nu vor face alian\u021b\u0103 cu AUR &#8211; SURSE<\/a><\/p>\n<p>\u201dNu te po\u021bi juca doar s\u0103 a\u0219tep\u021bi s\u0103 prime\u0219ti ceva de la masa celor boga\u021bi, noi suntem boga\u021bi prin inteligen\u021b\u0103, prin oameni. Vezi c\u0103 ai hran\u0103, nu m\u00e2ncare. Ai ap\u0103, iar apa va fi mult mai pre\u021bioas\u0103 dec\u00e2t petrolul. Tot ce am spus s-a adeverit, \u00een urm\u0103torii 3-4 ani, apa va fi mult mai pre\u021bioas\u0103 dec\u00e2t petrolul, \u0219i pe urm\u0103 ai energie. Unde pl\u0103tim curentul electric? La o firm\u0103 str\u0103in\u0103. Unde pl\u0103tim apa? Tot la o firm\u0103 str\u0103in\u0103. Unde pl\u0103tim gazul? La o firm\u0103 str\u0103in\u0103. Dar e gazul meu, e petrolul meu, e apa mea, e energia mea. Deci eu \u021bin s\u0103 v\u0103 spun, \u00een primul r\u00e2nd, c\u0103 e agricultura, s\u0103 dai drumul s\u0103 mearg\u0103 economia.<\/p>\n<p><a href=\"https:\/\/www.realitatea.net\/stiri\/politica\/aur-miscarea-pentru-reconstructia-romaniei-singura-varianta-pentru-renasterea-tarii_67501cdf4b897357ff159c42\" target=\"_blank\">AUR: Mi\u0219carea pentru reconstruc\u021bia Rom\u00e2niei, singura variant\u0103 pentru rena\u0219terea \u021b\u0103rii<\/a><\/p>\n<p>Nu po\u021bi s\u0103 la\u0219i b\u0103tr\u00e2nii, p\u0103rin\u021bii, \u00een case, \u00een frig. Ci, din contr\u0103, trebuie s\u0103-i aju\u021bi. Noi avem energie pe care s\u0103 o d\u0103m aproape gratis, putem s\u0103 avem litrul la pomp\u0103 la 1 leu, la c\u00e2t petrol avem.\u201d<\/p>\n<p>\u00a0<\/p>\n<p>Ce spune Bolojan despre pozi\u0163ia de premier \u00eentr-o coali\u021bie cu PSD<\/p>\n<p>Ilie Bolojan a fost \u00eentrebat dac\u0103 PNL este dispus s\u0103 renun\u0163e la func\u0163ia de premier, \u00een cazul \u00een care PSD ar revendica aceast\u0103 func\u0163ie \u00eentr-o eventual\u0103 coali\u021bie, \u00een urma c\u00e2\u015ftig\u0103rii primului loc la parlamentare. \u201eSuntem \u00een situa\u0163ia \u00een care fiecare partid decide ceea ce face \u00een aceste zile. PNL nu va juca la dou\u0103 capete \u015fi cred c\u0103 este o chestiune de respect nu doar pentru \u0163ara noastr\u0103 dar \u015fi pentru aleg\u0103torii no\u015ftri\u201d, a declarat Ilie Bolojan, potrivit News.ro. El a precizat c\u0103 nu va face comentarii despre propuneri ipotetice de premier pe care le-ar face partidele. \u201eTrebuie s\u0103 ne vedem de ceea ce avem de f\u0103cut\u201d a completat Ilie Bolojan, adpug\u00e2nd c\u0103 prima decizie cerebral\u0103 a partidelor este s\u0103 se respecte \u00eentre ele \u015fi s\u0103 fac\u0103 o analiz\u0103 a rezultatului votului. \u201eDac\u0103 suntem reali\u015fti, nu putem s\u0103 neg\u0103m o eviden\u0163\u0103 a ponderilor \u015fi asta trebuie s\u0103 fie un semn de realism, ca atunci c\u00e2nd intri \u00eentr-o coali\u0163ie, s\u0103 \u00ee\u0163i dimensionezi corect for\u0163ele.<\/p>\n<p>\u00a0<\/p>\n<p>Nu trebuie s\u0103 fie o persoan\u0103 anume premier, \u00ee\u0163i trebuie echipe puternice \u00een guvernare, \u00ee\u0163i trebuie profesioni\u015fti, \u00ee\u0163i trebuie un program clar al coali\u0163iei, pe luni, pe proiecte vitale, care s\u0103 asigure c\u0103 aceast\u0103 coali\u0163ei func\u0163ioneaz\u0103 pe \u00eencredere \u015fi ai nevoie de o sus\u0163inere parlamentar\u0103\u201d, a mai declarat Ilie Bolojan. Pre\u015fedintele PNL a completat c\u0103 persoanele care de\u0163in aceste func\u0163ii sunt \u201eelemente secundare, dac\u0103 aceste lucruri se \u00eent\u00e2mpl\u0103\u201d. \u201e\u015etiti c\u00e2nd sunt cet\u0103\u0163enii interesa\u0163i? Atunci c\u00e2nd lucrurile nu merg bine\u201d, a ar\u0103tat Ilie Bolojan.<\/p>\n<p>\u00a0<\/p>\n<p>Lucian Roma\u015fcanu (PSD): E \u201enatural\u201d ca Marcel Ciolacu s\u0103 fie premier<\/p>\n<p>Purt\u0103torul de cuv\u00e2nt al PSD, Lucian Roma\u015fcanu, a declarat mar\u0163i c\u0103 \u00een cazul \u00een care partidul va decide s\u0103 participe la guvernare, e natural ca nominalizarea pentru func\u0163ia de premier s\u0103 fie Marcel Ciolacu.<\/p>\n<p>\u201eCred c\u0103 e natural ca, dac\u0103 va exista decizia PSD de a merge la guvernare \u015fi de a da premierul, ca domnul Ciolacu s\u0103 fie nominalizarea (pentru premier &#8211; n.r.). Asta e o p\u0103rere strict personal\u0103. Va fi o decizie a CPN- ului de lunea viitoare\u201d, a spus Roma\u015fcanu la sediul central al PSD.<\/p>\n<p><a href=\"https:\/\/www.realitatea.net\/stiri\/politica\/elena-lasconi-si-marcel-ciolacu-intalnire-intre-4-ochi-propunerea-pe-care-io-va-face-presedintelui-psd_674f091c09d55b6e8b4ab643\" target=\"_blank\">Elena Lasconi \u0219i Marcel Ciolacu, \u00eent\u00e2lnire \u00eentre 4 ochi. Propunerea pe care i-o va face pre\u0219edintelui PSD<\/a><\/p>\n<p>El a fost \u00eentrebat dac\u0103 ar putea func\u0163iona un guvern PNL-PSD al\u0103turi de USR \u015fi UDMR, a\u015fa cum a propus Elena Lasconi.<\/p>\n<p>\u201eEu v\u0103 spun principial politic: a face un guvern de un asemenea tip, de dimensiune, sau cu o asemenea componen\u0163\u0103 ar \u00eensemna ca opozi\u0163ia s\u0103 r\u0103m\u00e2n\u0103 integral \u00een m\u00e2na celor din blocul, s\u0103 \u00eei spunem, suveranist, iar acest lucru nu este deloc s\u0103n\u0103tos pentru democra\u0163ie. Probabil c\u0103 cineva o s\u0103 \u00ee\u015fi asume dintre partidele proeuropene rolul de partid de opozi\u0163ie&#8221;, a men\u0163ionat Roma\u015fcanu.<\/p>","protected":false},"excerpt":{"rendered":"<p>Fiecare partid negociaz\u0103 pentru func\u021bia de premier, este cea care va media rela\u021biile \u00een \u00eentreaga&hellip;<\/p>\n","protected":false},"author":0,"featured_media":13412,"comment_status":"open","ping_status":"open","sticky":false,"template":"","format":"standard","meta":{"footnotes":""},"categories":[2],"tags":[],"class_list":["post-13438","post","type-post","status-publish","format-standard","has-post-thumbnail","hentry","category-actual"],"_links":{"self":[{"href":"https:\/\/247stiri.ro\/index.php\/wp-json\/wp\/v2\/posts\/13438","targetHints":{"allow":["GET"]}}],"collection":[{"href":"https:\/\/247stiri.ro\/index.php\/wp-json\/wp\/v2\/posts"}],"about":[{"href":"https:\/\/247stiri.ro\/index.php\/wp-json\/wp\/v2\/types\/post"}],"replies":[{"embeddable":true,"href":"https:\/\/247stiri.ro\/index.php\/wp-json\/wp\/v2\/comments?post=13438"}],"version-history":[{"count":0,"href":"https:\/\/247stiri.ro\/index.php\/wp-json\/wp\/v2\/posts\/13438\/revisions"}],"wp:featuredmedia":[{"embeddable":true,"href":"https:\/\/247stiri.ro\/index.php\/wp-json\/wp\/v2\/media\/13412"}],"wp:attachment":[{"href":"https:\/\/247stiri.ro\/index.php\/wp-json\/wp\/v2\/media?parent=13438"}],"wp:term":[{"taxonomy":"category","embeddable":true,"href":"https:\/\/247stiri.ro\/index.php\/wp-json\/wp\/v2\/categories?post=13438"},{"taxonomy":"post_tag","embeddable":true,"href":"https:\/\/247stiri.ro\/index.php\/wp-json\/wp\/v2\/tags?post=13438"}],"curies":[{"name":"wp","href":"https:\/\/api.w.org\/{rel}","templated":true}]}}