{"id":13458,"date":"2024-12-04T11:44:49","date_gmt":"2024-12-04T11:44:49","guid":{"rendered":"https:\/\/247stiri.ro\/index.php\/2024\/12\/04\/ministerul-mediului-ajuta-moldova-cu-un-autolaborator-pentru-monitorizarea-calitatii-aerului-care-a-apartinut-agentiei-nationale-pentru-protectia-mediului\/"},"modified":"2024-12-04T11:44:49","modified_gmt":"2024-12-04T11:44:49","slug":"ministerul-mediului-ajuta-moldova-cu-un-autolaborator-pentru-monitorizarea-calitatii-aerului-care-a-apartinut-agentiei-nationale-pentru-protectia-mediului","status":"publish","type":"post","link":"https:\/\/247stiri.ro\/index.php\/2024\/12\/04\/ministerul-mediului-ajuta-moldova-cu-un-autolaborator-pentru-monitorizarea-calitatii-aerului-care-a-apartinut-agentiei-nationale-pentru-protectia-mediului\/","title":{"rendered":"Ministerul Mediului ajut\u0103 Moldova cu un autolaborator pentru monitorizarea calit\u0103\u0163ii aerului, care a apar\u021binut Agen\u0163iei Na\u0163ionale pentru Protec\u0163ia Mediului"},"content":{"rendered":"<p>\u201eUn autolaborator mobil, dotat cu echipamente pentru monitorizarea calit\u0103\u0163ii aerului, care s-a aflat \u00een administrarea Agen\u0163iei Na\u0163ionale pentru Protec\u0163ia Mediului, prin Agen\u0163ia pentru Protec\u0163ia Mediului Prahova a fost donat, azi, de c\u0103tre Ministerul Mediului, Apelor \u015fi P\u0103durilor din Rom\u00e2nia, Agen\u0163iei de Mediu din Republica Moldova, \u00een baza unui memorandum aprobat de Guvernul Rom\u00e2niei\u201d, informeaz\u0103 ANPM.<\/p>\n<p>Ministrul Mediului, Mircea Fechet, a subliniat \u00een cadrul \u00eent\u00e2lnirii care a avut loc la Ministerul Mediului, Apelor \u015fi P\u0103durilor, c\u0103 Moldova se poate baza oric\u00e2nd pe sus\u0163inerea Rom\u00e2niei \u00een tot ce \u00eenseamn\u0103 implementarea legisla\u0163iei europene \u00een domeiul protec\u0163iei mediului, astfel \u00eenc\u00e2t s\u0103 nu repete gre\u015felile f\u0103cute de Rom\u00e2nia pe parcursul procesului de aderare, indiferent de cine se va afla la conducerea institu\u0163iilor publice.<\/p>\n<p>\u201ePrin dona\u0163ia bunurilor mobile apar\u0163in\u00e2nd domeniului privat al statului, c\u0103tre Agn\u0163ia de Mediu din Republica Moldova, va cre\u015fte capacitatea de r\u0103spuns a autorit\u0103\u0163ilor \u00een cazul unor evenimente cu impact asupra calit\u0103\u0163ii aerului \u00een special \u015fi a mediului, \u00een general. Pe de alt\u0103 parte, utilizarea autolaboratorului de c\u0103tre personalul cu atribu\u0163ii \u00een domeniu va conduce at\u00e2t la o mai bun\u0103 cunoa\u015ftere a calit\u0103\u0163ii aerului, precum \u015fi la familiarizarea institu\u0163iilor abilitate cu metodele de referin\u0163\u0103 utilizate pentru monitorizarea calit\u0103\u0163ii aerului \u00eenconjur\u0103tor, conform reglemet\u0103rilor europene\u201d, se arat\u0103 \u00een Memorandumul semnat de ministrul Mediului Apelor \u015fi P\u0103durilor, Mircea Fechet, care a fost aprobat de Executiv.<\/p>\n<p>\u00cen ultimii ani, \u00eentre ANPM \u015fi Agen\u0163ia de Mediu din Moldova au avut loc mai multe \u00eent\u00e2lniri, at\u00e2t \u00een Rom\u00e2nia, c\u00e2t \u015fi \u00een Moldova, iar schimbul de experien\u0163\u0103 \u00een domeniul implement\u0103rii politicilor europene de mediu s-a f\u0103cut permanent, \u00eentre speciali\u015ftii no\u015ftri \u015fi cei de peste Prut.<\/p>\n<p>\u201eDonarea acestui autolaborator, evaluat la 747.000 de lei, este un demers care continu\u0103 colaborarea dintre istitu\u0163iile noastre de mediu. Autovehiculul con\u0163ine mai multe analizoare pentru poluan\u0163i, sta\u0163ie meteorologic\u0103, echipamente de \u00eenregistrare \u015fi stocare a datelor \u015fi multe alte instala\u0163ii, cu ajutorul c\u0103rora autorit\u0103\u0163ile vor fi \u00een m\u0103sur\u0103 s\u0103 realizeze studii pertinente privind evolu\u0163ia calit\u0103\u0163ii aerului \u015fi vor putea aplica, experimental, tehnicile de analiz\u0103 utilizate \u00een mod curent, la nivelul Uniunii Europene\u201d, a spus pre\u015fedintele ANPM, Lauren\u0163iu Alexandru P\u0103\u015ftinaru, care a f\u0103cut oficial anun\u0163ul privind donarea acestui autolaborator, c\u0103tre autorit\u0103\u0163ile de Mediu ale Republicii Moldova, \u00een vara acestui an, \u00een timpul vizitei delega\u0163iei Rom\u00e2niei, la Chi\u015fin\u0103u.<\/p>\n<p>Un astfel de laborator mobil se amplaseaz\u0103 \u00een zonele cu impact major asupra calit\u0103\u0163ii aerului (zonele platformelor industriale, zonele depozitelor de de\u015feuri, zonele cu trafic intens, etc.), fiind dotat \u015fi cu surs\u0103 alternativ\u0103 de curent capabil\u0103 s\u0103 men\u0163in\u0103 func\u0163ionarea \u00eentregului sistem \u00een cazul unei \u00eentreruperi a energiei electrice, iar poluan\u0163ii monitoriza\u0163i cu ajutorul s\u0103u sunt cei prev\u0103zu\u0163i \u00een legisla\u0163ia european\u0103 (Directiva 2008\/50\/CE a Parlamentului European \u015fi a Consiliului din 21 mai 2008 privind calitatea aerului \u00eenconjur\u0103tor \u015fi un aer mai curat pentru Europa):<\/p>\n<p>&#8211; dioxid de sulf (SO2)\/hidrogen sulfurat(H2S);<\/p>\n<p>&#8211; oxizi de azot (NO, NO2, NOx)\/ amoniac (NH3);<\/p>\n<p>&#8211; particule \u00een suspensie \u2013 frac\u0163ia PM10;<\/p>\n<p>&#8211; compu\u015fi organici volatili (C6H6, C7H8).<\/p>\n<p>\u201e\u00cen numele delega\u0163iei Republicii Moldova, \u00eemi exprim mul\u0163umirea pentru finalizarea Memorandumului care parafeaz\u0103 donarea autolaboratorului pentru monitorizarea calit\u0103\u0163ii aerului! Suntem onora\u0163i s\u0103 particip\u0103m, azi, la aceast\u0103 reuniune \u015fi v\u0103 asigur\u0103m de tot respectul nostru, pentru Minister \u015fi pentru Agen\u0163ia de Mediu. Pentru noi, acest echipament reprezint\u0103 o dovad\u0103 a continuit\u0103\u0163ii rela\u0163iilor de colaborare \u015fi prietenie, dintre \u0163\u0103rile noastre. V\u0103 promit c\u0103 autolaboratorul va asigura monitorizarea calit\u0103\u0163ii aerului transfrontalier, dar \u015fi local ap\u0103r\u00e2nd scopul pentru care a fost oferit: calitatea aerului\u201d, a spus Dorin Poverjuc, directorul Agen\u0163iei de Mediu din Republica Moldova.<\/p>\n<p>Corelarea nivelului concentra\u0163iei poluan\u0163ilor cu sursele de poluare se face pe baza datelor meteorologice ob\u0163inute \u00een autolaborator cu senzorii meteorologici de direc\u0163ie \u015fi vitez\u0103 ale v\u00e2ntului, temperatur\u0103, presiune, umiditate, precipita\u0163ii \u015fi intensitate a radia\u0163iei solare.<\/p>","protected":false},"excerpt":{"rendered":"<p>\u201eUn autolaborator mobil, dotat cu echipamente pentru monitorizarea calit\u0103\u0163ii aerului, care s-a aflat \u00een administrarea&hellip;<\/p>\n","protected":false},"author":0,"featured_media":13459,"comment_status":"open","ping_status":"open","sticky":false,"template":"","format":"standard","meta":{"footnotes":""},"categories":[2],"tags":[],"class_list":["post-13458","post","type-post","status-publish","format-standard","has-post-thumbnail","hentry","category-actual"],"_links":{"self":[{"href":"https:\/\/247stiri.ro\/index.php\/wp-json\/wp\/v2\/posts\/13458","targetHints":{"allow":["GET"]}}],"collection":[{"href":"https:\/\/247stiri.ro\/index.php\/wp-json\/wp\/v2\/posts"}],"about":[{"href":"https:\/\/247stiri.ro\/index.php\/wp-json\/wp\/v2\/types\/post"}],"replies":[{"embeddable":true,"href":"https:\/\/247stiri.ro\/index.php\/wp-json\/wp\/v2\/comments?post=13458"}],"version-history":[{"count":0,"href":"https:\/\/247stiri.ro\/index.php\/wp-json\/wp\/v2\/posts\/13458\/revisions"}],"wp:featuredmedia":[{"embeddable":true,"href":"https:\/\/247stiri.ro\/index.php\/wp-json\/wp\/v2\/media\/13459"}],"wp:attachment":[{"href":"https:\/\/247stiri.ro\/index.php\/wp-json\/wp\/v2\/media?parent=13458"}],"wp:term":[{"taxonomy":"category","embeddable":true,"href":"https:\/\/247stiri.ro\/index.php\/wp-json\/wp\/v2\/categories?post=13458"},{"taxonomy":"post_tag","embeddable":true,"href":"https:\/\/247stiri.ro\/index.php\/wp-json\/wp\/v2\/tags?post=13458"}],"curies":[{"name":"wp","href":"https:\/\/api.w.org\/{rel}","templated":true}]}}