{"id":13468,"date":"2024-12-04T11:44:51","date_gmt":"2024-12-04T11:44:51","guid":{"rendered":"https:\/\/247stiri.ro\/index.php\/2024\/12\/04\/cat-de-grea-e-guvernarea-cu-patru-partide-daca-doua-s-au-inteles-dificil-ce-spune-un-actual-ministru\/"},"modified":"2024-12-04T11:44:51","modified_gmt":"2024-12-04T11:44:51","slug":"cat-de-grea-e-guvernarea-cu-patru-partide-daca-doua-s-au-inteles-dificil-ce-spune-un-actual-ministru","status":"publish","type":"post","link":"https:\/\/247stiri.ro\/index.php\/2024\/12\/04\/cat-de-grea-e-guvernarea-cu-patru-partide-daca-doua-s-au-inteles-dificil-ce-spune-un-actual-ministru\/","title":{"rendered":"C\u00e2t de grea e guvernarea cu patru partide, dac\u0103 dou\u0103 s-au \u00een\u021beles dificil? Ce spune un actual ministru"},"content":{"rendered":"<p>Ministrul Energiei, Sebastian Burduja, este ferm convins c\u0103 reprezentan\u021bii PNL, PSD, USR \u0219i UDMR vor bate palma pentru o coali\u021bie pro-european\u0103: \u201e\u00cen acest moment, prioritatea zero pentru Rom\u00e2nia este s\u0103 r\u0103m\u00e2n\u0103 pe calea european\u0103, s\u0103 r\u0103m\u00e2n\u0103 \u00een UE, \u00een NATO \u0219i bine\u00een\u021beles s\u0103 continu\u0103m o cale a reformelor (&#8230;). \u00cen aceste negocieri, noi vom sus\u021bine cu siguran\u021b\u0103 aceste imperative&#8221;.<\/p>\n<p>\u00centrebat c\u00e2t de u\u0219oar\u0103 sau c\u00e2t de grea ar fi o guvernare cu patru partide, din moment ce guvernarea cu dou\u0103 forma\u021biuni, PSD \u0219i PNL, a fost dificil\u0103, ministrul Energiei a r\u0103spuns: \u201eNu este un lucru u\u0219or, dar ce alternativ\u0103 avem? P\u00e2n\u0103 la urm\u0103, de aici trebuie s\u0103 plec\u0103m \u0219i at\u00e2t \u00een perspectiva form\u0103rii Guvernului, c\u00e2t \u0219i dup\u0103 formarea Guvernului \u0219i eu sunt convins c\u0103 se va reu\u0219i formarea acestui Guvern pro-european, toate partidele trebuie s\u0103 aib\u0103 responsabilitatea actului de guvernare \u0219i a asigur\u0103rii stabilit\u0103\u021bii \u021b\u0103rii. Ultimul lucru pe care ni-l dorim este o situa\u021bie \u00een care ne \u00eendrept\u0103m c\u0103tre alegeri anticipate, o situa\u021bie \u00een care perpetu\u0103m ne\u00eencrederea oamenilor \u00een institu\u021biile statului&#8221;.<\/p>\n<p>\u00centrebat dac\u0103 PNL va intra \u00een negocierile pentru formarea noului Guvern cu propunerea Ilie Bolojan-premier, Sebastian Burduja a precizat: &#8222;Eu v\u0103 spun chiar pozi\u021bia domnului Bolojan \u0219i care a spus c\u0103 sigur, trebuie s\u0103 ascult\u0103m de votul rom\u00e2nilor, votul rom\u00e2nilor a generat anumite ponderi pentru partidele din Parlament \u0219i trebuie s\u0103 \u021binem cont \u0219i de asta \u00een cadrul negocierilor. Nu cred c\u0103 PNL \u0219i nici domnul Ilie Bolojan, deci nu vom periclita succesul acestor negocieri pentru orgoliul unei persoane sau pentru o func\u021bie anume, nu se pune aceast\u0103 problem\u0103&#8221;.<\/p>\n<p>Pus \u00een situa\u021bia de a explica dac\u0103 premierul va fi tehnocrat \u00een viitorul Guvern, Sebastian Burduja a r\u0103spuns: \u201e\u00cen acest moment, cred c\u0103 nu ar trebui s\u0103 excludem nici o variant\u0103, at\u00e2t timp c\u00e2t ea duce la un rezultat&#8221;.<\/p>\n<p>\u00cen fa\u021ba solicit\u0103rii de a clarifica dac\u0103 PNL ar accepta ca PSD s\u0103 dicteze tonul \u00een viitoarea coali\u021bie, liberalul a precizat: \u201eNu cred c\u0103 trebuie s\u0103 punem astfel problema. Eu sper c\u0103 PSD de asemenea \u0219i-a \u00een\u021beles lec\u021biile recente \u0219i mai pu\u021bin recente \u0219i c\u0103-\u0219i asum\u0103 direc\u021bia proeuropean\u0103 \u0219i deci nu va fi nici \u00een cazul lor o chestiune de orgoliu, ci va fi o chestiune \u00een care trebuie s\u0103 ne a\u0219ez\u0103m la mas\u0103, ca parteneri care se respect\u0103 unii pe al\u021bii \u0219i care ajung la cea mai bun\u0103 solu\u021bie pentru Rom\u00e2nia. Vrem discu\u021bii cel pu\u021bin bazate pe respect. Sigur c\u0103 se va \u021bine cont \u0219i de ponderea voturilor pe care rom\u00e2nii le-au dat&#8221;.<\/p>","protected":false},"excerpt":{"rendered":"<p>Ministrul Energiei, Sebastian Burduja, este ferm convins c\u0103 reprezentan\u021bii PNL, PSD, USR \u0219i UDMR vor&hellip;<\/p>\n","protected":false},"author":0,"featured_media":13453,"comment_status":"open","ping_status":"open","sticky":false,"template":"","format":"standard","meta":{"footnotes":""},"categories":[2],"tags":[],"class_list":["post-13468","post","type-post","status-publish","format-standard","has-post-thumbnail","hentry","category-actual"],"_links":{"self":[{"href":"https:\/\/247stiri.ro\/index.php\/wp-json\/wp\/v2\/posts\/13468","targetHints":{"allow":["GET"]}}],"collection":[{"href":"https:\/\/247stiri.ro\/index.php\/wp-json\/wp\/v2\/posts"}],"about":[{"href":"https:\/\/247stiri.ro\/index.php\/wp-json\/wp\/v2\/types\/post"}],"replies":[{"embeddable":true,"href":"https:\/\/247stiri.ro\/index.php\/wp-json\/wp\/v2\/comments?post=13468"}],"version-history":[{"count":0,"href":"https:\/\/247stiri.ro\/index.php\/wp-json\/wp\/v2\/posts\/13468\/revisions"}],"wp:featuredmedia":[{"embeddable":true,"href":"https:\/\/247stiri.ro\/index.php\/wp-json\/wp\/v2\/media\/13453"}],"wp:attachment":[{"href":"https:\/\/247stiri.ro\/index.php\/wp-json\/wp\/v2\/media?parent=13468"}],"wp:term":[{"taxonomy":"category","embeddable":true,"href":"https:\/\/247stiri.ro\/index.php\/wp-json\/wp\/v2\/categories?post=13468"},{"taxonomy":"post_tag","embeddable":true,"href":"https:\/\/247stiri.ro\/index.php\/wp-json\/wp\/v2\/tags?post=13468"}],"curies":[{"name":"wp","href":"https:\/\/api.w.org\/{rel}","templated":true}]}}