{"id":13483,"date":"2024-12-04T12:44:58","date_gmt":"2024-12-04T12:44:58","guid":{"rendered":"https:\/\/247stiri.ro\/index.php\/2024\/12\/04\/batalia-pentru-guvernare-elena-lasconi-nu-ar-spune-nu-unui-executiv-condus-de-marcel-ciolacu\/"},"modified":"2024-12-04T12:44:58","modified_gmt":"2024-12-04T12:44:58","slug":"batalia-pentru-guvernare-elena-lasconi-nu-ar-spune-nu-unui-executiv-condus-de-marcel-ciolacu","status":"publish","type":"post","link":"https:\/\/247stiri.ro\/index.php\/2024\/12\/04\/batalia-pentru-guvernare-elena-lasconi-nu-ar-spune-nu-unui-executiv-condus-de-marcel-ciolacu\/","title":{"rendered":"B\u0103t\u0103lia pentru guvernare. Elena Lasconi nu ar spune NU unui Executiv condus de Marcel Ciolacu"},"content":{"rendered":"<p>&#8222;Eu cred c\u0103 nu se pune problema orgoliilor. E important criteriul, competen\u0163a. Ar trebui s\u0103 negociem \u00een func\u0163ie de competen\u0163\u0103. \u015ei \u00een func\u0163ie de procentele pe care le-am ob\u0163inut la alegeri, s\u0103 vedem ce ministere dore\u015fte fiecare. Asta \u00eenseamn\u0103 negociere. Dar competen\u0163a ar trebui s\u0103 fie prioritar\u0103. (&#8230;) Este \u00eendrept\u0103\u0163it (PSD s\u0103 dea prim-ministrul &#8211; n.r)&#8221;, a spus Lasconi, \u00eentr-o conferin\u0163\u0103 de pres\u0103 sus\u0163inut\u0103 la Palatul Parlamentului.Ea a men\u0163ionat c\u0103 nu exclude varianta nominaliz\u0103rii lui Marcel Ciolacu pentru func\u0163ia de premier.&#8221;Dac\u0103 \u00ee\u015fi dore\u015fte&#8230;, dar l\u0103sa\u0163i-m\u0103 s\u0103 negociem \u015fi o s\u0103 v\u0103 spun rezultatul. Nu exclud \u00een momentul de fa\u0163\u0103 (varianta Marcel Ciolacu premier &#8211; n.r.)&#8221;, a mai declarat Lasconi.Ea a precizat c\u0103 este dispus\u0103 s\u0103 \u00ee\u015fi cear\u0103 iertare de la cei care s-au sim\u0163it leza\u0163i de unele declara\u0163ii pe care le-a f\u0103cut \u00een trecut. Lasconi a subliniat c\u0103 nu e momentul pentru &#8222;orgolii&#8221;, deoarece &#8222;este \u00een joc soarta&#8221; Rom\u00e2niei.&#8221;Suntem \u00eentr-un moment de cotitur\u0103 pentru \u0163ar\u0103. Aici nu mai e vorba despre partide. Nu mai e vorba de politicieni. Aici e vorba de soarta \u0163\u0103rii. Nu exist\u0103 orgolii. S\u0103 \u015fti\u0163i c\u0103 \u00een toate discu\u0163iile pe care le-am avut cu to\u0163i liderii politici, de ieri, nu s-a discutat absolut nimic despre vreo preten\u0163ie de minister, de premier. \u00cencerc\u0103m s\u0103 construim &#8211; \u015fi asta facem \u015fi o s\u0103 reu\u015fim asta &#8211; f\u0103r\u0103 orgolii. Dac\u0103, \u00een trecut, sunt unii deranja\u0163i c\u0103 i-am jignit, eu spun c\u0103 ura nu \u00ee\u015fi are locul \u00een aceste zile, \u00een aceste momente. Dac\u0103 am gre\u015fit unii altora, s\u0103 ne cerem iertare. Eu pot s\u0103 \u00eemi cer iertare, dac\u0103 cineva din aceste partide s-a sim\u0163it lezat de vreo declara\u0163ie pe care am f\u0103cut-o. Nu e momentul s\u0103 avem orgolii. Este \u00een joc soarta Rom\u00e2niei&#8221;, a spus Lasconi.\u00a0<\/p>","protected":false},"excerpt":{"rendered":"<p>&#8222;Eu cred c\u0103 nu se pune problema orgoliilor. E important criteriul, competen\u0163a. Ar trebui s\u0103&hellip;<\/p>\n","protected":false},"author":0,"featured_media":13478,"comment_status":"open","ping_status":"open","sticky":false,"template":"","format":"standard","meta":{"footnotes":""},"categories":[2],"tags":[],"class_list":["post-13483","post","type-post","status-publish","format-standard","has-post-thumbnail","hentry","category-actual"],"_links":{"self":[{"href":"https:\/\/247stiri.ro\/index.php\/wp-json\/wp\/v2\/posts\/13483","targetHints":{"allow":["GET"]}}],"collection":[{"href":"https:\/\/247stiri.ro\/index.php\/wp-json\/wp\/v2\/posts"}],"about":[{"href":"https:\/\/247stiri.ro\/index.php\/wp-json\/wp\/v2\/types\/post"}],"replies":[{"embeddable":true,"href":"https:\/\/247stiri.ro\/index.php\/wp-json\/wp\/v2\/comments?post=13483"}],"version-history":[{"count":0,"href":"https:\/\/247stiri.ro\/index.php\/wp-json\/wp\/v2\/posts\/13483\/revisions"}],"wp:featuredmedia":[{"embeddable":true,"href":"https:\/\/247stiri.ro\/index.php\/wp-json\/wp\/v2\/media\/13478"}],"wp:attachment":[{"href":"https:\/\/247stiri.ro\/index.php\/wp-json\/wp\/v2\/media?parent=13483"}],"wp:term":[{"taxonomy":"category","embeddable":true,"href":"https:\/\/247stiri.ro\/index.php\/wp-json\/wp\/v2\/categories?post=13483"},{"taxonomy":"post_tag","embeddable":true,"href":"https:\/\/247stiri.ro\/index.php\/wp-json\/wp\/v2\/tags?post=13483"}],"curies":[{"name":"wp","href":"https:\/\/api.w.org\/{rel}","templated":true}]}}