{"id":13489,"date":"2024-12-04T12:44:59","date_gmt":"2024-12-04T12:44:59","guid":{"rendered":"https:\/\/247stiri.ro\/index.php\/2024\/12\/04\/cum-a-cheltuit-statul-roman-6-miliarde-de-euro-ca-sa-mentina-euro-sub-5-lei\/"},"modified":"2024-12-04T12:44:59","modified_gmt":"2024-12-04T12:44:59","slug":"cum-a-cheltuit-statul-roman-6-miliarde-de-euro-ca-sa-mentina-euro-sub-5-lei","status":"publish","type":"post","link":"https:\/\/247stiri.ro\/index.php\/2024\/12\/04\/cum-a-cheltuit-statul-roman-6-miliarde-de-euro-ca-sa-mentina-euro-sub-5-lei\/","title":{"rendered":"Cum a cheltuit statul rom\u00e2n 6 miliarde de euro ca s\u0103 men\u021bin\u0103 euro sub 5 lei"},"content":{"rendered":"<p>Marcel Bolo\u015f, ministrul Finan\u0163elor, a declarat \u00eenainte de \u015fedin\u0163a de Guvern c\u0103 ministerul Finan\u0163elor a scos 6 mld. euro din buffer pentru a \u0163ine cursul valutar stabil la 5 lei.\u00a0<\/p>\n<p>Potrivit ministrului, statul are probleme de finan\u0163are, at\u00e2t de la b\u0103nci c\u00e2t \u015fi de pe burs\u0103, din cauza situa\u0163iei politice \u015fi a incertitudinii de dup\u0103 alegeri.\u00a0<\/p>\n<p>Cursul BNR a r\u0103mas extrem de stabil, cu varia\u0163ii aproape de zero de la primul tur \u00eencoace. Miercuri, BNR a cotat cursul de schimb la\u00a04.9770, f\u0103r\u0103 fluctua\u0163ii fa\u0163\u0103 de zilele precedente.\u00a0<\/p>\n<p>Ministerul Finan\u0163elor trebuie s\u0103 p\u0103streze mereu un buffer \u00een valut\u0103.<\/p>\n<p>Nivelul bufferului este considerat secret de stat, dar calculele anali\u015ftilor indicau peste 10 mld. euro.<\/p>\n<p>Din cauza situa\u0163iei politice actuale, b\u0103ncile cump\u0103r\u0103 mai greu titluri de stat, ceea ce \u00eenseamn\u0103 c\u0103 ministerul Finan\u0163elor are un deficit de trezorerie.<\/p>\n<p>Marcel Bolo\u015f a mai spus c\u0103 noul Guvern trebuie s\u0103 \u00ee\u015fi definitiveze politicile bugetare \u015fi s\u0103 fie credibil pe plan extern, pentru ca aceast\u0103 criz\u0103 s\u0103 nu dureze prea mult.<\/p>\n<p>\u00a0<\/p>","protected":false},"excerpt":{"rendered":"<p>Marcel Bolo\u015f, ministrul Finan\u0163elor, a declarat \u00eenainte de \u015fedin\u0163a de Guvern c\u0103 ministerul Finan\u0163elor a&hellip;<\/p>\n","protected":false},"author":0,"featured_media":13490,"comment_status":"open","ping_status":"open","sticky":false,"template":"","format":"standard","meta":{"footnotes":""},"categories":[2],"tags":[],"class_list":["post-13489","post","type-post","status-publish","format-standard","has-post-thumbnail","hentry","category-actual"],"_links":{"self":[{"href":"https:\/\/247stiri.ro\/index.php\/wp-json\/wp\/v2\/posts\/13489","targetHints":{"allow":["GET"]}}],"collection":[{"href":"https:\/\/247stiri.ro\/index.php\/wp-json\/wp\/v2\/posts"}],"about":[{"href":"https:\/\/247stiri.ro\/index.php\/wp-json\/wp\/v2\/types\/post"}],"replies":[{"embeddable":true,"href":"https:\/\/247stiri.ro\/index.php\/wp-json\/wp\/v2\/comments?post=13489"}],"version-history":[{"count":0,"href":"https:\/\/247stiri.ro\/index.php\/wp-json\/wp\/v2\/posts\/13489\/revisions"}],"wp:featuredmedia":[{"embeddable":true,"href":"https:\/\/247stiri.ro\/index.php\/wp-json\/wp\/v2\/media\/13490"}],"wp:attachment":[{"href":"https:\/\/247stiri.ro\/index.php\/wp-json\/wp\/v2\/media?parent=13489"}],"wp:term":[{"taxonomy":"category","embeddable":true,"href":"https:\/\/247stiri.ro\/index.php\/wp-json\/wp\/v2\/categories?post=13489"},{"taxonomy":"post_tag","embeddable":true,"href":"https:\/\/247stiri.ro\/index.php\/wp-json\/wp\/v2\/tags?post=13489"}],"curies":[{"name":"wp","href":"https:\/\/api.w.org\/{rel}","templated":true}]}}