{"id":13504,"date":"2024-12-04T13:45:51","date_gmt":"2024-12-04T13:45:51","guid":{"rendered":"https:\/\/247stiri.ro\/index.php\/2024\/12\/04\/cutremur-in-franta-este-pentru-prima-oara-cand-se-intampla-din-1962-incoace-ce-se-intampla-cu-guvernul\/"},"modified":"2024-12-04T13:45:51","modified_gmt":"2024-12-04T13:45:51","slug":"cutremur-in-franta-este-pentru-prima-oara-cand-se-intampla-din-1962-incoace-ce-se-intampla-cu-guvernul","status":"publish","type":"post","link":"https:\/\/247stiri.ro\/index.php\/2024\/12\/04\/cutremur-in-franta-este-pentru-prima-oara-cand-se-intampla-din-1962-incoace-ce-se-intampla-cu-guvernul\/","title":{"rendered":"Cutremur \u00een Fran\u021ba. Este pentru prima oar\u0103 c\u00e2nd se \u00eent\u00e2mpl\u0103 din 1962 \u00eencoace. Ce se \u00eent\u00e2mpl\u0103 cu guvernul"},"content":{"rendered":"<p>Deputa\u0163ii vor examina \u00eencep\u00e2nd de la ora local\u0103 16:00 (15:00 GMT) dou\u0103 mo\u0163iuni de cenzur\u0103 depuse de alian\u0163a de st\u00e2nga \u015fi, respectiv, de extrema dreapt\u0103. C\u0103derea guvernului printr-o mo\u0163iune de cenzur\u0103 ar fi o premier\u0103 pentru Fran\u0163a dup\u0103 1962.Suspansul este limitat, \u00een condi\u0163iile \u00een care cele dou\u0103 blocuri au \u00eempreun\u0103 majoritatea voturilor necesare, astfel \u00eenc\u00e2t soarta premierului Michel Barnier &#8211; un veteran al dreptei franceze, fost negociator al UE pentru Brexit &#8211; pare pecetluit\u0103 la numai trei luni de la instalarea \u00een func\u0163ie.Cele dou\u0103 mo\u0163iuni au fost depuse dup\u0103 ce premierul a declan\u015fat mar\u0163i articolul 49.3 din Constitu\u0163ie pentru adoptarea bugetului asigur\u0103rilor sociale f\u0103r\u0103 vot, prin asumarea r\u0103spunderii guvernului.Decizia a fost luat\u0103 dup\u0103 mai multe zile de negocieri bugetare dure, \u00een cursul c\u0103rora Michel Barnier a cedat unora din cererile partidului Rassemblement National (RN, extrema dreapta), aflat \u00een pozi\u0163ia de arbitru al jocului.Liderul RN, Jordan Bardella, \u015fi-a reafirmat miercuri la postul public de radio France Inter opozi\u0163ia fa\u0163\u0103 de &#8222;un buget periculos pentru cre\u015fterea economic\u0103 \u015fi puterea de cump\u0103rare&#8221;. El a denun\u0163at de asemenea &#8222;strategia fricii&#8221; prin care guvernul agit\u0103 de mai multe zile amenin\u0163area de criz\u0103 bugetar\u0103 \u00een caz de demitere.Aflat la Riad, pre\u015fedintele Emmanuel Macron, a c\u0103rui decizie \u00een iunie de a dizolva Adunarea Na\u0163ional\u0103 a aruncat \u0163ara \u00een criz\u0103, a declarat c\u0103 nu poate &#8222;crede \u00een votarea unei mo\u0163iuni de cenzur\u0103&#8221;, \u015fi a cerut &#8222;s\u0103 nu li se provoace team\u0103 oamenilor&#8221; prin evocarea unui risc de criz\u0103 financiar\u0103.\u00cen schimb, premierul a repetat c\u0103 adoptarea mo\u0163iunii de cenzur\u0103 ar face &#8222;totul mai dificil \u015fi mai grav&#8221;, dat fiind c\u0103 semnalele indic\u0103 deja, potrivit lui, stare de alert\u0103 \u00een plan bugetar, financiar, economic \u015fi social.A\u015fteptat s\u0103 ajung\u0103 la 6,1% din PIB \u00een 2024, mult peste prognoza de 4,4% din toamna lui 2023, deficitul public ar rata \u0163inta de 5% \u00een lipsa unui buget, iar incertitudinea politic\u0103 ar ap\u0103sa asupra costului datoriei.Probabila adoptare a mo\u0163iunii de cenzur\u0103 ar urma dup\u0103 luni de criz\u0103, declan\u015fat\u0103 prin dizolvarea Adun\u0103rii Na\u0163ionale dup\u0103 deruta taberei preziden\u0163iale la alegerile pentru Parlamentul European \u00een fa\u0163a RN.Legislativele anticipate au avut ca rezultat formarea unei Adun\u0103rii fracturate \u00een trei blocuri (alian\u0163a de st\u00e2nga, macroni\u015ftii \u015fi dreapta, extrema dreapt\u0103), f\u0103r\u0103 ca vreunul s\u0103 dispun\u0103 de majoritate absolut\u0103.\u00cen cazul demiterii guvernului, desemnarea unui nou prim-ministru \u00eei va reveni pre\u015fedintelui Macron, care a avut nevoie de aproape 50 de zile pentru a-l numi pe Michel Barnier pe 5 septembrie.Dac\u0103 nu va fi g\u0103sit\u0103 o solu\u0163ie rapid\u0103, deputa\u0163ii vor trebui s\u0103 voteze o &#8222;lege special\u0103&#8221;, ce permite asigurarea continu\u0103rii func\u0163ion\u0103rii statului.\u00a0<\/p>","protected":false},"excerpt":{"rendered":"<p>Deputa\u0163ii vor examina \u00eencep\u00e2nd de la ora local\u0103 16:00 (15:00 GMT) dou\u0103 mo\u0163iuni de cenzur\u0103&hellip;<\/p>\n","protected":false},"author":0,"featured_media":13496,"comment_status":"open","ping_status":"open","sticky":false,"template":"","format":"standard","meta":{"footnotes":""},"categories":[2],"tags":[],"class_list":["post-13504","post","type-post","status-publish","format-standard","has-post-thumbnail","hentry","category-actual"],"_links":{"self":[{"href":"https:\/\/247stiri.ro\/index.php\/wp-json\/wp\/v2\/posts\/13504","targetHints":{"allow":["GET"]}}],"collection":[{"href":"https:\/\/247stiri.ro\/index.php\/wp-json\/wp\/v2\/posts"}],"about":[{"href":"https:\/\/247stiri.ro\/index.php\/wp-json\/wp\/v2\/types\/post"}],"replies":[{"embeddable":true,"href":"https:\/\/247stiri.ro\/index.php\/wp-json\/wp\/v2\/comments?post=13504"}],"version-history":[{"count":0,"href":"https:\/\/247stiri.ro\/index.php\/wp-json\/wp\/v2\/posts\/13504\/revisions"}],"wp:featuredmedia":[{"embeddable":true,"href":"https:\/\/247stiri.ro\/index.php\/wp-json\/wp\/v2\/media\/13496"}],"wp:attachment":[{"href":"https:\/\/247stiri.ro\/index.php\/wp-json\/wp\/v2\/media?parent=13504"}],"wp:term":[{"taxonomy":"category","embeddable":true,"href":"https:\/\/247stiri.ro\/index.php\/wp-json\/wp\/v2\/categories?post=13504"},{"taxonomy":"post_tag","embeddable":true,"href":"https:\/\/247stiri.ro\/index.php\/wp-json\/wp\/v2\/tags?post=13504"}],"curies":[{"name":"wp","href":"https:\/\/api.w.org\/{rel}","templated":true}]}}