{"id":13511,"date":"2024-12-04T14:47:25","date_gmt":"2024-12-04T14:47:25","guid":{"rendered":"https:\/\/247stiri.ro\/index.php\/2024\/12\/04\/dragos-a-avut-parte-de-un-destin-cumplit-la-doar-20-de-ani-accidentul-rutier-care-i-a-luat-viata\/"},"modified":"2024-12-04T14:47:25","modified_gmt":"2024-12-04T14:47:25","slug":"dragos-a-avut-parte-de-un-destin-cumplit-la-doar-20-de-ani-accidentul-rutier-care-i-a-luat-viata","status":"publish","type":"post","link":"https:\/\/247stiri.ro\/index.php\/2024\/12\/04\/dragos-a-avut-parte-de-un-destin-cumplit-la-doar-20-de-ani-accidentul-rutier-care-i-a-luat-viata\/","title":{"rendered":"Drago\u0219 a avut parte de un destin CUMPLIT la doar 20 de ani! Accidentul rutier care i-a luat via\u021ba"},"content":{"rendered":"<p>Cum s-a produs tragedia?<\/p>\n<p><a href=\"https:\/\/www.realitatea.net\/stiri\/actual\/accident-rutier-cumplit-in-vaslui-doi-tineri-de-19-si-24-de-ani-au-murit_674f7d3dd0df7866a9411942\" target=\"_blank\">Accidentul fatal<\/a> s-a petrecut \u00een condi\u021bii dramatice. Ma\u0219ina \u00een care se aflau Drago\u0219 \u0219i un prieten a intrat pe contrasens \u0219i a lovit violent un ansamblu de vehicule format dintr-un cap tractor \u0219i o semiremorc\u0103. Impactul a fost at\u00e2t de puternic \u00eenc\u00e2t medicii sosi\u021bi la fa\u021ba locului nu au mai putut face nimic pentru cei doi tineri. Ace\u0219tia au fost declara\u021bi deceda\u021bi pe loc.<\/p>\n<p>Pentru familiile celor doi b\u0103ie\u021bi, vestea mor\u021bii lor a fost un \u0219oc cutremur\u0103tor. Drago\u0219 \u0219i prietenul s\u0103u, ambii din comuna R\u0103scruci, aveau toat\u0103 via\u021ba \u00eenainte. Acum, rudele \u0219i apropia\u021bii sunt cople\u0219i\u021bi de durere, \u00eencerc\u00e2nd s\u0103 \u00een\u021beleag\u0103 cum o astfel de tragedie a fost posibil\u0103.<\/p>\n<p>Investiga\u021biile poli\u021biei<\/p>\n<p>Autorit\u0103\u021bile au deschis o anchet\u0103 pentru a stabili <a href=\"https:\/\/www.realitatea.net\/stiri\/actual\/accident-ingrozitor-pe-dn-1c-doi-tineri-au-murit-in-urma-impactului_674e19b65c73eb7f4605f292\" target=\"_blank\">circumstan\u021bele exacte ale accidentului<\/a>. Potrivit Inspectoratului de Poli\u021bie Jude\u021bean Cluj, \u0219oferul ansamblului de vehicule, un b\u0103rbat de 37 de ani din comuna Poieni, a fost testat cu aparatul etilotest, rezultatul fiind negativ. \u201eUn autoturism condus de un t\u00e2n\u0103r de 20 de ani, \u00een timp ce se deplasa spre municipiul Dej, a p\u0103truns pe contrasens \u0219i a intrat \u00een coliziune frontal\u0103 cu un ansamblu de vehicule. Impactul a avut consecin\u021be tragice, sold\u00e2ndu-se cu decesul conduc\u0103torului autoturismului \u0219i al pasagerului s\u0103u\u201d, a precizat IPJ Cluj.<\/p>\n<p>\u00a0Condi\u021biile de drum, viteza \u0219i aten\u021bia insuficient\u0103 pot transforma o c\u0103l\u0103torie obi\u0219nuit\u0103 \u00eentr-o tragedie.<\/p>\n<p>Drago\u0219 \u0219i prietenul s\u0103u vor r\u0103m\u00e2ne \u00een amintirea celor care i-au cunoscut drept doi tineri plini de via\u021b\u0103, lua\u021bi mult prea devreme.<\/p>","protected":false},"excerpt":{"rendered":"<p>Cum s-a produs tragedia? Accidentul fatal s-a petrecut \u00een condi\u021bii dramatice. Ma\u0219ina \u00een care se&hellip;<\/p>\n","protected":false},"author":0,"featured_media":13512,"comment_status":"open","ping_status":"open","sticky":false,"template":"","format":"standard","meta":{"footnotes":""},"categories":[2],"tags":[],"class_list":["post-13511","post","type-post","status-publish","format-standard","has-post-thumbnail","hentry","category-actual"],"_links":{"self":[{"href":"https:\/\/247stiri.ro\/index.php\/wp-json\/wp\/v2\/posts\/13511","targetHints":{"allow":["GET"]}}],"collection":[{"href":"https:\/\/247stiri.ro\/index.php\/wp-json\/wp\/v2\/posts"}],"about":[{"href":"https:\/\/247stiri.ro\/index.php\/wp-json\/wp\/v2\/types\/post"}],"replies":[{"embeddable":true,"href":"https:\/\/247stiri.ro\/index.php\/wp-json\/wp\/v2\/comments?post=13511"}],"version-history":[{"count":0,"href":"https:\/\/247stiri.ro\/index.php\/wp-json\/wp\/v2\/posts\/13511\/revisions"}],"wp:featuredmedia":[{"embeddable":true,"href":"https:\/\/247stiri.ro\/index.php\/wp-json\/wp\/v2\/media\/13512"}],"wp:attachment":[{"href":"https:\/\/247stiri.ro\/index.php\/wp-json\/wp\/v2\/media?parent=13511"}],"wp:term":[{"taxonomy":"category","embeddable":true,"href":"https:\/\/247stiri.ro\/index.php\/wp-json\/wp\/v2\/categories?post=13511"},{"taxonomy":"post_tag","embeddable":true,"href":"https:\/\/247stiri.ro\/index.php\/wp-json\/wp\/v2\/tags?post=13511"}],"curies":[{"name":"wp","href":"https:\/\/api.w.org\/{rel}","templated":true}]}}