{"id":13513,"date":"2024-12-04T14:47:25","date_gmt":"2024-12-04T14:47:25","guid":{"rendered":"https:\/\/247stiri.ro\/index.php\/2024\/12\/04\/barbatul-din-alba-care-si-a-ucis-fratele-si-i-a-ascuns-cadavrul-in-pivnita-unei-case-parasite-a-fost-arestat\/"},"modified":"2024-12-04T14:47:25","modified_gmt":"2024-12-04T14:47:25","slug":"barbatul-din-alba-care-si-a-ucis-fratele-si-i-a-ascuns-cadavrul-in-pivnita-unei-case-parasite-a-fost-arestat","status":"publish","type":"post","link":"https:\/\/247stiri.ro\/index.php\/2024\/12\/04\/barbatul-din-alba-care-si-a-ucis-fratele-si-i-a-ascuns-cadavrul-in-pivnita-unei-case-parasite-a-fost-arestat\/","title":{"rendered":"B\u0103rbatul din Alba care \u015fi-a UCIS fratele \u015fi i-a ascuns cadavrul \u00een pivni\u0163a unei case p\u0103r\u0103site a fost ARESTAT"},"content":{"rendered":"<p>Procurorul criminalist din cadrul Parchetului de pe l\u00e2ng\u0103 Tribunalul Alba a dispus miercuri punerea \u00een mi\u015fcare a ac\u0163iunii penale fa\u0163\u0103 de un inculpat \u00een v\u00e2rst\u0103 de 56 de ani, pentru s\u0103v\u00e2r\u015firea infrac\u0163iunii de violen\u0163\u0103 \u00een familie \u00een modalitatea omorului.&#8221;\u00cen fapt, s-a re\u0163inut c\u0103, \u00eentr-una din zilele perioadei 22-24.11.2024, \u00een timp ce se aflau \u00een locuin\u0163a comun\u0103 din satul F\u0103r\u0103u, jud. Alba, pe fondul unor discu\u0163ii \u00een contradictoriu \u015fi al consumului de b\u0103uturi alcoolice, inculpatul s-a \u00eenarmat cu o b\u00e2t\u0103 din lemn \u015fi a lovit-o pe victim\u0103, fratele s\u0103u, \u00een v\u00e2rst\u0103 de 52 de ani, \u00een zona capului, \u00een mod repetat, cauz\u00e2ndu-i acesteia leziuni traumatice incompatibile cu via\u0163a. Ulterior, pentru a evita tragerea la r\u0103spundere penal\u0103, inculpatul a transportat cadavrul fratelui s\u0103u \u00een pivni\u0163a unui imobil nelocuit din aceea\u015fi localitate, unde l-a acoperit cu un strat de p\u0103m\u00e2nt, victima decedat\u0103 fiind g\u0103sit\u0103 de organele de poli\u0163ie, \u00een loca\u0163ia precizat\u0103, \u00een seara zilei de 03.12.2024&#8243;, arat\u0103 Parchetul de pe l\u00e2ng\u0103 Tribunalul Alba.<\/p>\n<p><a href=\"https:\/\/www.realitatea.net\/stiri\/actual\/roman-arestat-dupa-ce-a-ucis-o-femeie-luata-la-ocazie-victima-nu-sa-mai-intors-acasa-de-la-serviciu_674f7792d9e837316d7950e3\" target=\"_blank\">Rom\u00e2n arestat dup\u0103 ce a ucis o femeie luat\u0103 la ocazie. Victima nu s-a mai \u00eentors acas\u0103 de la serviciu<\/a><\/p>\n<p>Procurorul a dispus luarea m\u0103surii preventive a re\u0163inerii fa\u0163\u0103 de inculpat, iar judec\u0103torul de drepturi \u015fi libert\u0103\u0163i din cadrul Tribunalului Alba a dispus arestarea preventiv\u0103 a acestuia pe o durat\u0103 de 30 de zile.Investiga\u0163iile au fost efectuate cu sprijinul lucr\u0103torilor de poli\u0163ie din cadrul I.P.J. Alba &#8211; Serviciul Investiga\u0163ii Criminale \u015fi Serviciul Criminalistic, Sec\u0163ia nr. 4 Poli\u0163ie Rural\u0103 Ocna Mure\u015f.\u00a0<\/p>","protected":false},"excerpt":{"rendered":"<p>Procurorul criminalist din cadrul Parchetului de pe l\u00e2ng\u0103 Tribunalul Alba a dispus miercuri punerea \u00een&hellip;<\/p>\n","protected":false},"author":0,"featured_media":13514,"comment_status":"open","ping_status":"open","sticky":false,"template":"","format":"standard","meta":{"footnotes":""},"categories":[2],"tags":[],"class_list":["post-13513","post","type-post","status-publish","format-standard","has-post-thumbnail","hentry","category-actual"],"_links":{"self":[{"href":"https:\/\/247stiri.ro\/index.php\/wp-json\/wp\/v2\/posts\/13513","targetHints":{"allow":["GET"]}}],"collection":[{"href":"https:\/\/247stiri.ro\/index.php\/wp-json\/wp\/v2\/posts"}],"about":[{"href":"https:\/\/247stiri.ro\/index.php\/wp-json\/wp\/v2\/types\/post"}],"replies":[{"embeddable":true,"href":"https:\/\/247stiri.ro\/index.php\/wp-json\/wp\/v2\/comments?post=13513"}],"version-history":[{"count":0,"href":"https:\/\/247stiri.ro\/index.php\/wp-json\/wp\/v2\/posts\/13513\/revisions"}],"wp:featuredmedia":[{"embeddable":true,"href":"https:\/\/247stiri.ro\/index.php\/wp-json\/wp\/v2\/media\/13514"}],"wp:attachment":[{"href":"https:\/\/247stiri.ro\/index.php\/wp-json\/wp\/v2\/media?parent=13513"}],"wp:term":[{"taxonomy":"category","embeddable":true,"href":"https:\/\/247stiri.ro\/index.php\/wp-json\/wp\/v2\/categories?post=13513"},{"taxonomy":"post_tag","embeddable":true,"href":"https:\/\/247stiri.ro\/index.php\/wp-json\/wp\/v2\/tags?post=13513"}],"curies":[{"name":"wp","href":"https:\/\/api.w.org\/{rel}","templated":true}]}}