{"id":1353,"date":"2024-10-24T05:44:47","date_gmt":"2024-10-24T05:44:47","guid":{"rendered":"https:\/\/247stiri.ro\/index.php\/2024\/10\/24\/filmul-atentatului-cu-bomba-de-la-arad-cum-a-fost-ucis-de-fapt-afaceristul-ioan-crisan\/"},"modified":"2024-10-24T05:44:47","modified_gmt":"2024-10-24T05:44:47","slug":"filmul-atentatului-cu-bomba-de-la-arad-cum-a-fost-ucis-de-fapt-afaceristul-ioan-crisan","status":"publish","type":"post","link":"https:\/\/247stiri.ro\/index.php\/2024\/10\/24\/filmul-atentatului-cu-bomba-de-la-arad-cum-a-fost-ucis-de-fapt-afaceristul-ioan-crisan\/","title":{"rendered":"Filmul atentatului cu BOMB\u0102 de la Arad. Cum a fost ucis, de fapt, afaceristul Ioan Cri\u0219an"},"content":{"rendered":"<p>\u201eProcurorul de caz din cadrul Sec\u021biei de Urm\u0103rire Penal\u0103 a Parchetului de pe l\u00e2ng\u0103 \u00cenalta Curte de Casa\u0163ie \u015fi Justi\u0163ie a dispus m\u0103sura re\u021binerii preventive fa\u021b\u0103 de doi inculpa\u021bi \u0219i o inculpat\u0103 sub aspectul s\u0103v\u00e2r\u0219irii infrac\u021biunilor de omor calificat, prev. \u0219i ped. de art. 188 alin. 1, art. 189 alin. 1 lit. a, b din Codul penal, cu aplic. art. 77 lit. a din Codul penal, distrugere, prev. \u0219i ped. de art. 253 alin. 4 din Codul penal, cu aplic. art. 77 lit. a din Codul penal, nerespectarea regimului materiilor explozive, prev. \u0219i ped. de art. 346 alin. 1 din Codul penal, cu aplic. art. 77 lit. a din Codul penal, cu aplic. art. 38 alin. 1 \u0219i 2 din Codul penal\u201d, a anun\u021bat, joi diminea\u021ba, Parchetul de pe l\u00e2ng\u0103 \u00cenalta Curte de Casa\u021bie \u0219i Justi\u021bie (P\u00ceCCJ).<\/p>\n<p><a href=\"https:\/\/www.realitatea.net\/stiri\/actual\/cine-era-ioan-crisan-afaceristul-care-a-murit-in-atentatul-cu-bomba-de-la-arad-imprumutase-sume-uriase-de-bani-ce-afaceri-derula-de-fapt-barbatul_6718d7405c2031114b58b012\" target=\"_blank\" rel=\"noopener\">Cine era Ioan Cri\u0219an, afaceristul care a murit \u00een atentatul cu bomb\u0103 de la Arad: \u00eemprumutase sume uria\u0219e de bani! Ce afaceri derula, de fapt, b\u0103rbatul<\/a><\/p>\n<p>Potrivit documentului, la data de 27 mai 2021, cei doi inculpa\u021bi b\u0103rba\u021bi au procurat un mecanism care putea fi folosit ca detonator \u00eentr-un dispozitiv exploziv improvizat, controlabil prin intermediul telefonului mobil, \u00een care au \u00eencorporat ulterior \u00eenc\u0103rc\u0103tura exploziv\u0103, procurat\u0103, de\u021binut\u0103, transportat\u0103 \u0219i folosit\u0103 f\u0103r\u0103 drept, \u0219i l-au plasat \u00een autoturismul victimei.<\/p>\n<p>Dou\u0103 zile mai t\u00e2rziu, pe 29 mai 2021, la ora 06:59, au ac\u021bionat cu premeditare \u201e\u0219i din interes material\u201d, astfel c\u0103 au detonat \u00eenc\u0103rc\u0103tura exploziv\u0103 de la distan\u021b\u0103 \u00een timp ce victima se deplasa la volanul ma\u0219inii \u00een parcarea magazinului Profi din cartierul Vlaicu din municipiul Arad.<\/p>\n<p>\u201eInculpa\u021bii au fost instiga\u021bi la comiterea faptei de c\u0103tre inculpata men\u021bionat\u0103\u201d, arat\u0103 procurorii.\u00a0<\/p>\n<p><a href=\"https:\/\/www.realitatea.net\/stiri\/actual\/ipoteza-soc-in-cazul-asasinatului-cu-bomba-de-la-arad-fiica-lui-ioan-crisan-ar-fi-comandat-uciderea-afaceristului_67189dbfae86083092118d57\" target=\"_blank\" rel=\"noopener\">Ipotez\u0103 \u0219oc \u00een cazul asasinatului cu bomb\u0103 de la Arad: fiica lui Ioan Cri\u0219an ar fi comandat UCIDEREA afaceristului &#8211; c\u00e2\u021bi bani ar fi pl\u0103tit criminalilor<\/a><\/p>\n<p>Inculpata este fiica lui Ioan Cri\u0219an, <a href=\"https:\/\/www.realitatea.net\/stiri\/actual\/dosarul-ioan-crisan-asasinatul-cu-bomba-de-la-arad-comandat-de-fiica-afaceristului-ucis-cine-este-laura-cea-care-a-platit-100000-de-euro-pentru-crima_6718dc4903afaf5e3c000c72\" target=\"_blank\" rel=\"noopener\">Laura Cri\u0219an<\/a>, cea care, de altfel, ar fi comandat atentatul.<\/p>\n<p><a href=\"https:\/\/www.realitatea.net\/stiri\/actual\/dosarul-ioan-crisan-asasinatul-cu-bomba-de-la-arad-comandat-de-fiica-afaceristului-ucis-cine-este-laura-cea-care-a-platit-100000-de-euro-pentru-crima_6718dc4903afaf5e3c000c72\" target=\"_blank\" rel=\"noopener\">Dosarul Ioan Cri\u0219an. Asasinatul cu bomb\u0103 de la Arad, comandat de fiica afaceristului ucis. Cine este Laura, cea care a pl\u0103tit 100.000 de euro pentru CRIM\u0102<\/a><\/p>\n<p>Potrivit anchetatorilor, victima, respectiv tat\u0103l s\u0103u, a decedat ca urmare a exploziei \u0219i incendiului care a urmat, iar autoturismul a fost complet distrus.<\/p>\n<p>\u201ePrin modul, locul \u0219i mijloacele de s\u0103v\u00e2r\u0219ire, fapta a fost de natur\u0103 s\u0103 pun\u0103 \u00een pericol alte persoane \u0219i bunuri\u201d, mai spun procurorii.<\/p>\n<p><a href=\"https:\/\/www.realitatea.net\/stiri\/actual\/dosarul-ioan-crisan-fiica-milionarului-ucis-la-arad-si-2-complici-retinuti-pentru-omor-calificat-val-de-acuzatii-extrem-de-grave-pe-numele-celor-3-inculpati_6719d13ccee84b74fb653b93\" target=\"_blank\" rel=\"noopener\">Dosarul Ioan Cri\u0219an. Fiica milionarului ucis la Arad \u015fi 2 complici, re\u0163inu\u0163i pentru OMOR CALIFICAT: val de acuza\u021bii extrem de grave pe numele celor 3 inculpa\u021bi<\/a><\/p>","protected":false},"excerpt":{"rendered":"<p>\u201eProcurorul de caz din cadrul Sec\u021biei de Urm\u0103rire Penal\u0103 a Parchetului de pe l\u00e2ng\u0103 \u00cenalta&hellip;<\/p>\n","protected":false},"author":0,"featured_media":1354,"comment_status":"open","ping_status":"open","sticky":false,"template":"","format":"standard","meta":{"footnotes":""},"categories":[2],"tags":[],"class_list":["post-1353","post","type-post","status-publish","format-standard","has-post-thumbnail","hentry","category-actual"],"_links":{"self":[{"href":"https:\/\/247stiri.ro\/index.php\/wp-json\/wp\/v2\/posts\/1353","targetHints":{"allow":["GET"]}}],"collection":[{"href":"https:\/\/247stiri.ro\/index.php\/wp-json\/wp\/v2\/posts"}],"about":[{"href":"https:\/\/247stiri.ro\/index.php\/wp-json\/wp\/v2\/types\/post"}],"replies":[{"embeddable":true,"href":"https:\/\/247stiri.ro\/index.php\/wp-json\/wp\/v2\/comments?post=1353"}],"version-history":[{"count":0,"href":"https:\/\/247stiri.ro\/index.php\/wp-json\/wp\/v2\/posts\/1353\/revisions"}],"wp:featuredmedia":[{"embeddable":true,"href":"https:\/\/247stiri.ro\/index.php\/wp-json\/wp\/v2\/media\/1354"}],"wp:attachment":[{"href":"https:\/\/247stiri.ro\/index.php\/wp-json\/wp\/v2\/media?parent=1353"}],"wp:term":[{"taxonomy":"category","embeddable":true,"href":"https:\/\/247stiri.ro\/index.php\/wp-json\/wp\/v2\/categories?post=1353"},{"taxonomy":"post_tag","embeddable":true,"href":"https:\/\/247stiri.ro\/index.php\/wp-json\/wp\/v2\/tags?post=1353"}],"curies":[{"name":"wp","href":"https:\/\/api.w.org\/{rel}","templated":true}]}}