{"id":13545,"date":"2024-12-04T16:44:47","date_gmt":"2024-12-04T16:44:47","guid":{"rendered":"https:\/\/247stiri.ro\/index.php\/2024\/12\/04\/confuzia-care-a-dus-la-arestarea-unui-barbat-pentru-cocaina-pudra-de-talc-l-a-dus-la-puscarie\/"},"modified":"2024-12-04T16:44:47","modified_gmt":"2024-12-04T16:44:47","slug":"confuzia-care-a-dus-la-arestarea-unui-barbat-pentru-cocaina-pudra-de-talc-l-a-dus-la-puscarie","status":"publish","type":"post","link":"https:\/\/247stiri.ro\/index.php\/2024\/12\/04\/confuzia-care-a-dus-la-arestarea-unui-barbat-pentru-cocaina-pudra-de-talc-l-a-dus-la-puscarie\/","title":{"rendered":"Confuzia care a dus la arestarea unui b\u0103rbat pentru \u201ecocain\u0103\u201d: Pudra de talc l-a dus la pu\u0219c\u0103rie"},"content":{"rendered":"<p>C\u0103l\u0103toria care s-a transformat \u00een co\u0219mar<\/p>\n<p><a href=\"https:\/\/www.realitatea.net\/stiri\/actual\/crestere-alarmanta-a-consumului-de-droguri-la-copii-doctorii-trag-un-semnal-de-alarma-copii-de-9-10-ani-care-au-inceput-consumul-de-droguri_674b13768eee06039e466232\" target=\"_blank\">Incidentul a avut loc<\/a> la \u00eenceputul lunii octombrie, c\u00e2nd Acosta c\u0103l\u0103torea cu un autobuz din Mendoza spre Buenos Aires. \u00cen timpul unui control de rutin\u0103 \u00een localitatea La Paz, jandarmii au descoperit \u00een bagajul s\u0103u 18 recipiente cu pudr\u0103 de talc. De\u0219i b\u0103rbatul le-a explicat c\u0103 produsul era pentru uz personal, suspiciunile poli\u021bi\u0219tilor au fost st\u00e2rnite, iar testele preliminare au indicat \u00een mod eronat prezen\u021ba cocainei.<\/p>\n<p>Maximiliano a fost arestat imediat, f\u0103r\u0103 a avea posibilitatea de a-\u0219i informa familia despre cele \u00eent\u00e2mplate. Poli\u021bia a anun\u021bat public c\u0103 ar fi descoperit \u201epeste 2 kilograme de cocain\u0103\u201d ascunse \u00een recipiente de talc.<\/p>\n<p>O re\u021binere bazat\u0103 pe o eroare<\/p>\n<p>\u00cen urma post\u0103rilor pe re\u021belele sociale ale ministrului Securit\u0103\u021bii, Patricia Bullrich, cazul a atras aten\u021bia publicului. Bullrich a descris interven\u021bia jandarmilor ca fiind o \u201ereu\u0219it\u0103\u201d, men\u021bion\u00e2nd c\u0103 nervozitatea lui Acosta i-ar fi tr\u0103dat. Totu\u0219i, analizele ulterioare au dezv\u0103luit c\u0103 substan\u021ba confiscat\u0103 era doar pudr\u0103 de talc, ceea ce a demonstrat c\u0103 testele ini\u021biale au oferit rezultate false pozitive.<\/p>\n<p>Maximiliano a r\u0103mas \u00eens\u0103 \u00een arest timp de 21 de zile p\u00e2n\u0103 la finalizarea analizelor definitive. \u00cen aceast\u0103 perioad\u0103, familia sa nu a fost informat\u0103, iar mama b\u0103rbatului a petrecut zile \u00eentregi c\u0103ut\u00e2ndu-l disperat\u0103.<\/p>\n<p>Dup\u0103 ce s-a stabilit c\u0103 pudra era inofensiv\u0103, Maximiliano Acosta a fost eliberat. \u00cen loc s\u0103 primeasc\u0103 scuze sau o compensa\u021bie pentru gre\u0219eala comis\u0103, el a fost l\u0103sat la marginea unui drum, fiind nevoit s\u0103 g\u0103seasc\u0103 o ma\u0219in\u0103 de ocazie pentru a ajunge acas\u0103.<\/p>\n<p>Mama sa a explicat ulterior motivul pentru care fiul ei transporta pudra de talc: inten\u021biona s\u0103 o rev\u00e2nd\u0103 \u00een capital\u0103, \u00een contextul unor dificult\u0103\u021bi financiare.<\/p>\n<p>O gre\u0219eal\u0103 care ridic\u0103 semne de \u00eentrebare<\/p>\n<p>Un purt\u0103tor de cuv\u00e2nt al Jandarmeriei a recunoscut c\u0103 re\u021binerea lui Acosta a fost o gre\u0219eal\u0103 regretabil\u0103. \u201eDin p\u0103cate, pudra de talc poate oferi un rezultat fals pozitiv la testele rapide pentru droguri, iar acest lucru a dus la o deten\u021bie nejustificat\u0103\u201d, a explicat oficialul.<\/p>\n<p>Cazul scoate \u00een eviden\u021b\u0103 problemele legate de utilizarea testelor rapide pentru<a href=\"https:\/\/www.realitatea.net\/stiri\/extern\/captura-inedita-pe-aeroport-pijamale-imbibate-cu-metamfetamina-descoperite-la-un-pasager_6746fdcc70b7726bfe33f4c9\" target=\"_blank\"> detectarea drogurilor<\/a>, dar \u0219i lipsa unei proceduri eficiente pentru protejarea drepturilor celor re\u021binu\u021bi pe baza unor suspiciuni nefondate.<\/p>\n<p>Maximiliano Acosta, de\u0219i liber acum, r\u0103m\u00e2ne marcat de experien\u021ba tr\u0103it\u0103 \u0219i de lipsa de empatie a autorit\u0103\u021bilor care l-au \u021binut \u00eenchis f\u0103r\u0103 dovezi clare.<\/p>\n<p>\u00a0<\/p>\n<p>\u00a0<\/p>","protected":false},"excerpt":{"rendered":"<p>C\u0103l\u0103toria care s-a transformat \u00een co\u0219mar Incidentul a avut loc la \u00eenceputul lunii octombrie, c\u00e2nd&hellip;<\/p>\n","protected":false},"author":0,"featured_media":13546,"comment_status":"open","ping_status":"open","sticky":false,"template":"","format":"standard","meta":{"footnotes":""},"categories":[4],"tags":[],"class_list":["post-13545","post","type-post","status-publish","format-standard","has-post-thumbnail","hentry","category-extern"],"_links":{"self":[{"href":"https:\/\/247stiri.ro\/index.php\/wp-json\/wp\/v2\/posts\/13545","targetHints":{"allow":["GET"]}}],"collection":[{"href":"https:\/\/247stiri.ro\/index.php\/wp-json\/wp\/v2\/posts"}],"about":[{"href":"https:\/\/247stiri.ro\/index.php\/wp-json\/wp\/v2\/types\/post"}],"replies":[{"embeddable":true,"href":"https:\/\/247stiri.ro\/index.php\/wp-json\/wp\/v2\/comments?post=13545"}],"version-history":[{"count":0,"href":"https:\/\/247stiri.ro\/index.php\/wp-json\/wp\/v2\/posts\/13545\/revisions"}],"wp:featuredmedia":[{"embeddable":true,"href":"https:\/\/247stiri.ro\/index.php\/wp-json\/wp\/v2\/media\/13546"}],"wp:attachment":[{"href":"https:\/\/247stiri.ro\/index.php\/wp-json\/wp\/v2\/media?parent=13545"}],"wp:term":[{"taxonomy":"category","embeddable":true,"href":"https:\/\/247stiri.ro\/index.php\/wp-json\/wp\/v2\/categories?post=13545"},{"taxonomy":"post_tag","embeddable":true,"href":"https:\/\/247stiri.ro\/index.php\/wp-json\/wp\/v2\/tags?post=13545"}],"curies":[{"name":"wp","href":"https:\/\/api.w.org\/{rel}","templated":true}]}}