{"id":13584,"date":"2024-12-04T18:44:48","date_gmt":"2024-12-04T18:44:48","guid":{"rendered":"https:\/\/247stiri.ro\/index.php\/2024\/12\/04\/afacerist-ucis-in-fata-unui-hotel-cine-i-a-vrut-raul-marelui-director-al-unei-companii-de-asigurari\/"},"modified":"2024-12-04T18:44:48","modified_gmt":"2024-12-04T18:44:48","slug":"afacerist-ucis-in-fata-unui-hotel-cine-i-a-vrut-raul-marelui-director-al-unei-companii-de-asigurari","status":"publish","type":"post","link":"https:\/\/247stiri.ro\/index.php\/2024\/12\/04\/afacerist-ucis-in-fata-unui-hotel-cine-i-a-vrut-raul-marelui-director-al-unei-companii-de-asigurari\/","title":{"rendered":"Afacerist ucis \u00een fa\u021ba unui hotel. Cine i-a vrut r\u0103ul marelui director al  unei companii de asigur\u0103ri"},"content":{"rendered":"<p>Incidentul a avut loc \u00een jurul orei 6:45 diminea\u021ba, c\u00e2nd Thompson sosise pentru a participa la conferin\u021ba anual\u0103 a investitorilor companiei, conform relat\u0103rilor New York Times.<\/p>\n<p>Ce au anun\u021bat oamenii legii<\/p>\n<p><a href=\"https:\/\/www.realitatea.net\/stiri\/actual\/detalii-socante-din-ancheta-afaceristului-din-sibiu-ucis-in-propria-casa-fiica-si-iubita-at-fi-asistat-la-crima-surse_6550e1f067fdf4780f4ea852\" target=\"_blank\">Potrivit anchetatorilor,<\/a> atacatorul, \u00eembr\u0103cat \u00eentr-o jachet\u0103 crem, cu o masc\u0103 neagr\u0103 \u0219i un rucsac gri, p\u0103rea s\u0103 aib\u0103 informa\u021bii precise despre locul \u00een care victima urma s\u0103 intre \u00een hotel. Acesta l-a \u00eempu\u0219cat pe Thompson \u00een piept de la mic\u0103 distan\u021b\u0103, apoi a fugit pe jos pe Sixth Avenue, s-a urcat pe o biciclet\u0103 \u0219i a disp\u0103rut din zon\u0103.<\/p>\n<p>Thompson, \u00een v\u00e2rst\u0103 de 50 de ani, a fost transportat de urgen\u021b\u0103 la spital, dar a murit din cauza r\u0103nilor. El conducea UnitedHealthcare din aprilie 2021 \u0219i locuia \u00een Minnesota.<\/p>\n<p>Autorit\u0103\u021bile au demarat <a href=\"https:\/\/www.realitatea.net\/stiri\/actual\/roman-arestat-dupa-ce-a-ucis-o-femeie-luata-la-ocazie-victima-nu-sa-mai-intors-acasa-de-la-serviciu_674f7792d9e837316d7950e3\" target=\"_blank\">o ampl\u0103 anchet\u0103<\/a> pentru identificarea \u0219i capturarea atacatorului, iar conferin\u021ba continuat\u0103 la hotel a fost \u00eentrerupt\u0103 doar de prezen\u021ba echipelor de poli\u021bie \u00een fa\u021ba zonei de \u00eenregistrare, f\u0103r\u0103 alte perturb\u0103ri majore.<\/p>","protected":false},"excerpt":{"rendered":"<p>Incidentul a avut loc \u00een jurul orei 6:45 diminea\u021ba, c\u00e2nd Thompson sosise pentru a participa&hellip;<\/p>\n","protected":false},"author":0,"featured_media":13585,"comment_status":"open","ping_status":"open","sticky":false,"template":"","format":"standard","meta":{"footnotes":""},"categories":[4],"tags":[],"class_list":["post-13584","post","type-post","status-publish","format-standard","has-post-thumbnail","hentry","category-extern"],"_links":{"self":[{"href":"https:\/\/247stiri.ro\/index.php\/wp-json\/wp\/v2\/posts\/13584","targetHints":{"allow":["GET"]}}],"collection":[{"href":"https:\/\/247stiri.ro\/index.php\/wp-json\/wp\/v2\/posts"}],"about":[{"href":"https:\/\/247stiri.ro\/index.php\/wp-json\/wp\/v2\/types\/post"}],"replies":[{"embeddable":true,"href":"https:\/\/247stiri.ro\/index.php\/wp-json\/wp\/v2\/comments?post=13584"}],"version-history":[{"count":0,"href":"https:\/\/247stiri.ro\/index.php\/wp-json\/wp\/v2\/posts\/13584\/revisions"}],"wp:featuredmedia":[{"embeddable":true,"href":"https:\/\/247stiri.ro\/index.php\/wp-json\/wp\/v2\/media\/13585"}],"wp:attachment":[{"href":"https:\/\/247stiri.ro\/index.php\/wp-json\/wp\/v2\/media?parent=13584"}],"wp:term":[{"taxonomy":"category","embeddable":true,"href":"https:\/\/247stiri.ro\/index.php\/wp-json\/wp\/v2\/categories?post=13584"},{"taxonomy":"post_tag","embeddable":true,"href":"https:\/\/247stiri.ro\/index.php\/wp-json\/wp\/v2\/tags?post=13584"}],"curies":[{"name":"wp","href":"https:\/\/api.w.org\/{rel}","templated":true}]}}