{"id":13592,"date":"2024-12-04T19:44:46","date_gmt":"2024-12-04T19:44:46","guid":{"rendered":"https:\/\/247stiri.ro\/index.php\/2024\/12\/04\/george-simion-a-rabufnit-elena-lasconi-nu-e-un-candidat-pregatit-fac-apel-la-servicii-sa-tina-cont-de-vointa-poporului\/"},"modified":"2024-12-04T19:44:46","modified_gmt":"2024-12-04T19:44:46","slug":"george-simion-a-rabufnit-elena-lasconi-nu-e-un-candidat-pregatit-fac-apel-la-servicii-sa-tina-cont-de-vointa-poporului","status":"publish","type":"post","link":"https:\/\/247stiri.ro\/index.php\/2024\/12\/04\/george-simion-a-rabufnit-elena-lasconi-nu-e-un-candidat-pregatit-fac-apel-la-servicii-sa-tina-cont-de-vointa-poporului\/","title":{"rendered":"George Simion a r\u0103bufnit: Elena Lasconi nu e un candidat preg\u0103tit, fac apel la servicii s\u0103 \u021bin\u0103 cont de voin\u021ba poporului"},"content":{"rendered":"<p>&#8222;\u00ce\u0219i bat astfel joc \u0219i de votan\u021bii USR si de cei ai PSD. Fac apel c\u0103tre rom\u00e2ni s\u0103 nu ias\u0103 \u00een strad\u0103, s\u0103 nu se atace din cauza divergentelor de opinii politice. Putem judeca fiecare pe cont propriu, nu trebuie s\u0103 ne spun\u0103 cineva. \u0218tim cu to\u021bi cine e Elena Lasconi, am participat la 2 dezbateri cu ea, nu este un candidat preg\u0103tit, cu toate c\u0103 este ajutat\u0103 de toate for\u021bele sistemului, de to\u021bi cei care r\u0103spund la comenzile unor ambasade str\u0103ine.<\/p>\n<p>Trebuie s\u0103 \u00een\u021belegem c\u0103 partenerul nostru strategic este America, trebuie s\u0103 \u00een\u021belegem c\u0103 acolo, exact pe acela\u0219i model, s-a produs o schimbare pa\u0219nic\u0103 de pre\u0219edin\u021bi \u0219i fac apel la servicii s\u0103 \u021bin\u0103 cont de voin\u021ba exprimat\u0103 prin vot de rom\u00e2ni \u0219i acum dou\u0103 duminici \u0219i duminica trecut\u0103, a fost un vot majoritar SUVERANIST&#8221;, a afirmat liderul AUR, George Simion, la Realitatea Plus.<\/p>","protected":false},"excerpt":{"rendered":"<p>&#8222;\u00ce\u0219i bat astfel joc \u0219i de votan\u021bii USR si de cei ai PSD. Fac apel&hellip;<\/p>\n","protected":false},"author":0,"featured_media":13589,"comment_status":"open","ping_status":"open","sticky":false,"template":"","format":"standard","meta":{"footnotes":""},"categories":[2],"tags":[],"class_list":["post-13592","post","type-post","status-publish","format-standard","has-post-thumbnail","hentry","category-actual"],"_links":{"self":[{"href":"https:\/\/247stiri.ro\/index.php\/wp-json\/wp\/v2\/posts\/13592","targetHints":{"allow":["GET"]}}],"collection":[{"href":"https:\/\/247stiri.ro\/index.php\/wp-json\/wp\/v2\/posts"}],"about":[{"href":"https:\/\/247stiri.ro\/index.php\/wp-json\/wp\/v2\/types\/post"}],"replies":[{"embeddable":true,"href":"https:\/\/247stiri.ro\/index.php\/wp-json\/wp\/v2\/comments?post=13592"}],"version-history":[{"count":0,"href":"https:\/\/247stiri.ro\/index.php\/wp-json\/wp\/v2\/posts\/13592\/revisions"}],"wp:featuredmedia":[{"embeddable":true,"href":"https:\/\/247stiri.ro\/index.php\/wp-json\/wp\/v2\/media\/13589"}],"wp:attachment":[{"href":"https:\/\/247stiri.ro\/index.php\/wp-json\/wp\/v2\/media?parent=13592"}],"wp:term":[{"taxonomy":"category","embeddable":true,"href":"https:\/\/247stiri.ro\/index.php\/wp-json\/wp\/v2\/categories?post=13592"},{"taxonomy":"post_tag","embeddable":true,"href":"https:\/\/247stiri.ro\/index.php\/wp-json\/wp\/v2\/tags?post=13592"}],"curies":[{"name":"wp","href":"https:\/\/api.w.org\/{rel}","templated":true}]}}