{"id":13630,"date":"2024-12-05T05:47:41","date_gmt":"2024-12-05T05:47:41","guid":{"rendered":"https:\/\/247stiri.ro\/index.php\/2024\/12\/05\/calin-georgescu-se-gandeste-la-schimbarea-constitutiei-sunt-lucruri-care-trebuiesc-modificate-mai-ales-dupa-intrarea-romaniei-in-ue-si-nato\/"},"modified":"2024-12-05T05:47:41","modified_gmt":"2024-12-05T05:47:41","slug":"calin-georgescu-se-gandeste-la-schimbarea-constitutiei-sunt-lucruri-care-trebuiesc-modificate-mai-ales-dupa-intrarea-romaniei-in-ue-si-nato","status":"publish","type":"post","link":"https:\/\/247stiri.ro\/index.php\/2024\/12\/05\/calin-georgescu-se-gandeste-la-schimbarea-constitutiei-sunt-lucruri-care-trebuiesc-modificate-mai-ales-dupa-intrarea-romaniei-in-ue-si-nato\/","title":{"rendered":"C\u0103lin Georgescu se g\u00e2nde\u0219te la schimbarea Constitu\u021biei: Sunt lucruri care trebuiesc modificate, mai ales dup\u0103 intrarea Rom\u00e2niei \u00een UE \u015fi NATO"},"content":{"rendered":"<p>&#8222;S-a vorbit foarte mult de schimbarea Constitu\u0163iei, mai ales \u00een perioada asta, de campanie, eu nu zic nu, c\u0103 n-ar trebui schimbat\u0103&#8221;, a declarat C\u0103lin Georgescu.\u00a0<\/p>\n<p>\u00centrebat dac\u0103 ar organiza un referendum pentru schimbarea legii fundamentale, Georgescu a r\u0103spuns: &#8222;Da, sigur c\u0103 da, sunt lucruri care trebuiesc modificate, mai ales dup\u0103 intrarea Rom\u00e2niei \u00een Uniunea European\u0103 \u015fi NATO. Sunt lucruri care evident necesit\u0103 observa\u0163ii, dar cel mai important lucru este s\u0103 \u00een\u0163elegem c\u0103 Constitu\u0163ia trebuie respectat\u0103 \u00een primul r\u00e2nd. Respectat\u0103. Nu a fost respectat\u0103 deloc. \u015ei iau unul din cele mai importante articole &#8211; articolul 47, legat de calitatea vie\u0163ii. \u0218i spune c\u0103 statul este obligat s\u0103 asigure dezvoltarea economic\u0103 \u0219i protec\u021bia social\u0103, de natur\u0103 s\u0103 asigure calitatea vie\u021bii fiec\u0103rui cet\u0103\u021bean. Acest articol nu s-a pus \u00een aplicare niciodat\u0103. G\u00e2ndi\u021bi- v\u0103 c\u0103 ast\u0103zi, conform Institutului Na\u021bional de Statistic\u0103, o familie cu doi copii, vorbim de salariul minim legat de calitatea vie\u021bii, este de 9.978 lei. Co\u0219ul zilnic. O familie cu un copil, vorbim de 8.200 lei. Iar o singur\u0103 persoan\u0103, de 3.800 lei. Nu este respectat nimic. \u0218ti\u021bi foarte bine care este salariul minim pe economie.&#8221;<\/p>\n<p>Privind intrarea Rom\u00e2niei \u00een spa\u0163iul Schengen \u015fi cu grani\u0163ele terestre, de anul viitor, el a comentat: &#8222;R\u0103m\u00e2ne de v\u0103zut. Vom vedea ulterior. S\u0103 vedem ce se va \u00eent\u00e2mpla \u00een ziua de duminic\u0103. Cert este c\u0103, evident, voi milita pentru acest lucru \u015fi \u00eel voi duce la \u00eendeplinire. Dar, pe de alt\u0103 parte, la vremea respectiv\u0103, Schengenul terestru nu a fost blocat de Occident, respectiv, cum se spune, de Austria. Schengenul terestru \u00een primul r\u00e2nd a fost blocat de clasa politic\u0103 rom\u00e2neasc\u0103, care \u00ee\u015fi vedea periclitate business-urile de la vam\u0103. Despre asta vorbim&#8221;.\u00a0<\/p>\n<p>Acesta a fost \u00eentrebat de Anca Alexandrescu \u0219i dac\u0103 \u00eel va numi premier pe Marcel Ciolacu.<\/p>\n<p>&#8222;Eu am spus condi\u021biile pe care le-am. Care sunt de nenegociat. Calitatea moral\u0103 a omului, preg\u0103tirea profesional\u0103 \u0219i \u00eensu\u0219irea programului de \u021bar\u0103 Hran\u0103, ap\u0103, energie. S\u0103 \u0219tie s\u0103 conduc\u0103. Eu v-am spus care sunt condi\u021biile mele. Dac\u0103 corespunde? Voi vedea. Cu siguran\u021b\u0103, \u00eens\u0103, ce pot s\u0103 garantez? C\u0103 va fi un guvern stabil. Voi avea grij\u0103 ca toat\u0103 lumea s\u0103 fie mul\u021bumit\u0103. Pentru c\u0103 \u00een ultima instan\u021b\u0103 o facem pentru binele \u0219i bun\u0103starea poporului rom\u00e2n&#8221;, a spus C\u0103lin Georgescu.<\/p>\n<p>\u00a0<\/p>","protected":false},"excerpt":{"rendered":"<p>&#8222;S-a vorbit foarte mult de schimbarea Constitu\u0163iei, mai ales \u00een perioada asta, de campanie, eu&hellip;<\/p>\n","protected":false},"author":0,"featured_media":13631,"comment_status":"open","ping_status":"open","sticky":false,"template":"","format":"standard","meta":{"footnotes":""},"categories":[3],"tags":[],"class_list":["post-13630","post","type-post","status-publish","format-standard","has-post-thumbnail","hentry","category-politica"],"_links":{"self":[{"href":"https:\/\/247stiri.ro\/index.php\/wp-json\/wp\/v2\/posts\/13630","targetHints":{"allow":["GET"]}}],"collection":[{"href":"https:\/\/247stiri.ro\/index.php\/wp-json\/wp\/v2\/posts"}],"about":[{"href":"https:\/\/247stiri.ro\/index.php\/wp-json\/wp\/v2\/types\/post"}],"replies":[{"embeddable":true,"href":"https:\/\/247stiri.ro\/index.php\/wp-json\/wp\/v2\/comments?post=13630"}],"version-history":[{"count":0,"href":"https:\/\/247stiri.ro\/index.php\/wp-json\/wp\/v2\/posts\/13630\/revisions"}],"wp:featuredmedia":[{"embeddable":true,"href":"https:\/\/247stiri.ro\/index.php\/wp-json\/wp\/v2\/media\/13631"}],"wp:attachment":[{"href":"https:\/\/247stiri.ro\/index.php\/wp-json\/wp\/v2\/media?parent=13630"}],"wp:term":[{"taxonomy":"category","embeddable":true,"href":"https:\/\/247stiri.ro\/index.php\/wp-json\/wp\/v2\/categories?post=13630"},{"taxonomy":"post_tag","embeddable":true,"href":"https:\/\/247stiri.ro\/index.php\/wp-json\/wp\/v2\/tags?post=13630"}],"curies":[{"name":"wp","href":"https:\/\/api.w.org\/{rel}","templated":true}]}}