{"id":13689,"date":"2024-12-05T08:44:46","date_gmt":"2024-12-05T08:44:46","guid":{"rendered":"https:\/\/247stiri.ro\/index.php\/2024\/12\/05\/pelerinaj-istoric-la-biserica-sfantul-gheorghe-nou-din-capitala-mii-de-credinciosi-s-au-inchinat-la-moastele-sfantului-ioan-botezatorul\/"},"modified":"2024-12-05T08:44:46","modified_gmt":"2024-12-05T08:44:46","slug":"pelerinaj-istoric-la-biserica-sfantul-gheorghe-nou-din-capitala-mii-de-credinciosi-s-au-inchinat-la-moastele-sfantului-ioan-botezatorul","status":"publish","type":"post","link":"https:\/\/247stiri.ro\/index.php\/2024\/12\/05\/pelerinaj-istoric-la-biserica-sfantul-gheorghe-nou-din-capitala-mii-de-credinciosi-s-au-inchinat-la-moastele-sfantului-ioan-botezatorul\/","title":{"rendered":"Pelerinaj istoric la Biserica Sf\u00e2ntul Gheorghe Nou din Capital\u0103. Mii de credincio\u0219i s-au \u00eenchinat la moa\u0219tele Sf\u00e2ntului Ioan Botez\u0103torul"},"content":{"rendered":"<p>Un fragment din moa\u0219tele Sf\u00e2ntului Ioan Botez\u0103torul a fost adus pentru prima dat\u0103 la Biserica Sf\u00e2ntul Gheorghe Nou din Capital\u0103.<\/p>\n<p>\u201eRacla cu moa\u0219tele Sf. Ioan Botez\u0103torul a fost a\u0219ezat\u0103 al\u0103turi de racla cu m\u00e2na dreapt\u0103 a Sf. Ierarh Nicolae, pentru c\u0103 toate sunt r\u00e2nduite ca s\u0103 cinstim, a\u0219a cum se cuvine acest mare praznic dedicat iubitorului de Hristos\u201d, a declarat preotul Emil Nedelea C\u0103r\u0103mizaru.<\/p>\n<p>L\u0103ca\u0219ul de cult de\u021bine moa\u0219tele Sf\u00e2ntului Constantin Br\u00e2ncoveanu, dar \u0219i m\u00e2na dreapt\u0103 a Sf\u00e2ntului Nicolae.<\/p>\n<p>Numero\u0219i pelerini s-au adunat din toat\u0103 \u021bara pentru a se ruga la moa\u0219tele Sf\u00e2ntului Ioan Botez\u0103torul. Credincio\u0219ii s-au rugat pentru s\u0103n\u0103tate, prosperitate \u0219i pace.<\/p>\n<p>Cinstitele moa\u0219te ale Sf\u00e2ntului Ioan Botez\u0103torul sunt aduse de la M\u0103n\u0103stirea \u201eSf\u00e2nta Paraschevi\u201d din Serres, Grecia. Pelerinajul dureaz\u0103 patru zile, p\u00e2n\u0103 pe 8 decembrie, iar biserica va fi deschis\u0103 p\u00e2n\u0103 la 22.00 \u00een fiecare zi.\u00a0<\/p>","protected":false},"excerpt":{"rendered":"<p>Un fragment din moa\u0219tele Sf\u00e2ntului Ioan Botez\u0103torul a fost adus pentru prima dat\u0103 la Biserica&hellip;<\/p>\n","protected":false},"author":0,"featured_media":13690,"comment_status":"open","ping_status":"open","sticky":false,"template":"","format":"standard","meta":{"footnotes":""},"categories":[2],"tags":[],"class_list":["post-13689","post","type-post","status-publish","format-standard","has-post-thumbnail","hentry","category-actual"],"_links":{"self":[{"href":"https:\/\/247stiri.ro\/index.php\/wp-json\/wp\/v2\/posts\/13689","targetHints":{"allow":["GET"]}}],"collection":[{"href":"https:\/\/247stiri.ro\/index.php\/wp-json\/wp\/v2\/posts"}],"about":[{"href":"https:\/\/247stiri.ro\/index.php\/wp-json\/wp\/v2\/types\/post"}],"replies":[{"embeddable":true,"href":"https:\/\/247stiri.ro\/index.php\/wp-json\/wp\/v2\/comments?post=13689"}],"version-history":[{"count":0,"href":"https:\/\/247stiri.ro\/index.php\/wp-json\/wp\/v2\/posts\/13689\/revisions"}],"wp:featuredmedia":[{"embeddable":true,"href":"https:\/\/247stiri.ro\/index.php\/wp-json\/wp\/v2\/media\/13690"}],"wp:attachment":[{"href":"https:\/\/247stiri.ro\/index.php\/wp-json\/wp\/v2\/media?parent=13689"}],"wp:term":[{"taxonomy":"category","embeddable":true,"href":"https:\/\/247stiri.ro\/index.php\/wp-json\/wp\/v2\/categories?post=13689"},{"taxonomy":"post_tag","embeddable":true,"href":"https:\/\/247stiri.ro\/index.php\/wp-json\/wp\/v2\/tags?post=13689"}],"curies":[{"name":"wp","href":"https:\/\/api.w.org\/{rel}","templated":true}]}}