{"id":13805,"date":"2024-12-05T14:45:13","date_gmt":"2024-12-05T14:45:13","guid":{"rendered":"https:\/\/247stiri.ro\/index.php\/2024\/12\/05\/barbatul-care-a-incendiat-usa-ambasadei-israelului-a-fost-plasat-in-arest-la-domiciliu\/"},"modified":"2024-12-05T14:45:13","modified_gmt":"2024-12-05T14:45:13","slug":"barbatul-care-a-incendiat-usa-ambasadei-israelului-a-fost-plasat-in-arest-la-domiciliu","status":"publish","type":"post","link":"https:\/\/247stiri.ro\/index.php\/2024\/12\/05\/barbatul-care-a-incendiat-usa-ambasadei-israelului-a-fost-plasat-in-arest-la-domiciliu\/","title":{"rendered":"B\u0103rbatul care a incendiat u\u015fa Ambasadei Israelului a fost plasat \u00een arest la domiciliu"},"content":{"rendered":"<p>Decizia a fost luat\u0103 dup\u0103 \u015fase luni de deten\u0163ie, expertizele medicale confirm\u00e2nd c\u0103 b\u0103rbatul sufer\u0103 de tulbur\u0103ri bipolare. B\u0103rbatul care a incendiat u\u015fa Ambasadei Israelului, plasat \u00een arest la domiciliu.<\/p>\n<p>Incidentul din luna iunie a atras aten\u0163ia autorit\u0103\u0163ilor, fiind ini\u0163ial sesizat de Serviciul Rom\u00e2n de Informa\u0163ii. Potrivit raportului ini\u0163ial, b\u0103rbatul a fost surprins \u00eencerc\u00e2nd s\u0103 se autoincendieze \u00een apropierea sediului Ambasadei Israelului. Poli\u0163i\u015ftii Sec\u0163iei 14 au intervenit prompt, prevenind o tragedie.<\/p>\n<p>Joi, judec\u0103torii au hot\u0103r\u00e2t s\u0103 \u00eenlocuiasc\u0103 m\u0103sura arestului preventiv cu arestul la domiciliu. Decizia vine \u00een contextul concluziilor medicale care indic\u0103 faptul c\u0103 ac\u0163iunile b\u0103rbatului au fost influen\u0163ate de starea sa psihic\u0103.<\/p>\n<p>El va fi supravegheat \u00eendeaproape, iar obliga\u0163iile impuse includ interdic\u0163ia de a p\u0103r\u0103si domiciliul f\u0103r\u0103 permisiune \u015fi interdic\u0163ia de a comunica cu martorii din acest caz.<\/p>\n<p>B\u0103rbatul urmeaz\u0103 s\u0103 fie monitorizat \u00een continuare, iar autorit\u0103\u0163ile au subliniat importan\u0163a respect\u0103rii stricte a m\u0103surilor impuse. \u00cen caz contrar, exist\u0103 riscul ca acesta s\u0103 fie din nou plasat \u00een arest preventiv.<\/p>","protected":false},"excerpt":{"rendered":"<p>Decizia a fost luat\u0103 dup\u0103 \u015fase luni de deten\u0163ie, expertizele medicale confirm\u00e2nd c\u0103 b\u0103rbatul sufer\u0103&hellip;<\/p>\n","protected":false},"author":0,"featured_media":13806,"comment_status":"open","ping_status":"open","sticky":false,"template":"","format":"standard","meta":{"footnotes":""},"categories":[2],"tags":[],"class_list":["post-13805","post","type-post","status-publish","format-standard","has-post-thumbnail","hentry","category-actual"],"_links":{"self":[{"href":"https:\/\/247stiri.ro\/index.php\/wp-json\/wp\/v2\/posts\/13805","targetHints":{"allow":["GET"]}}],"collection":[{"href":"https:\/\/247stiri.ro\/index.php\/wp-json\/wp\/v2\/posts"}],"about":[{"href":"https:\/\/247stiri.ro\/index.php\/wp-json\/wp\/v2\/types\/post"}],"replies":[{"embeddable":true,"href":"https:\/\/247stiri.ro\/index.php\/wp-json\/wp\/v2\/comments?post=13805"}],"version-history":[{"count":0,"href":"https:\/\/247stiri.ro\/index.php\/wp-json\/wp\/v2\/posts\/13805\/revisions"}],"wp:featuredmedia":[{"embeddable":true,"href":"https:\/\/247stiri.ro\/index.php\/wp-json\/wp\/v2\/media\/13806"}],"wp:attachment":[{"href":"https:\/\/247stiri.ro\/index.php\/wp-json\/wp\/v2\/media?parent=13805"}],"wp:term":[{"taxonomy":"category","embeddable":true,"href":"https:\/\/247stiri.ro\/index.php\/wp-json\/wp\/v2\/categories?post=13805"},{"taxonomy":"post_tag","embeddable":true,"href":"https:\/\/247stiri.ro\/index.php\/wp-json\/wp\/v2\/tags?post=13805"}],"curies":[{"name":"wp","href":"https:\/\/api.w.org\/{rel}","templated":true}]}}