{"id":13811,"date":"2024-12-05T14:45:14","date_gmt":"2024-12-05T14:45:14","guid":{"rendered":"https:\/\/247stiri.ro\/index.php\/2024\/12\/05\/criza-majora-in-republica-moldova-premierul-dorin-recean-cere-instituirea-starii-de-urgenta-energetica\/"},"modified":"2024-12-05T14:45:14","modified_gmt":"2024-12-05T14:45:14","slug":"criza-majora-in-republica-moldova-premierul-dorin-recean-cere-instituirea-starii-de-urgenta-energetica","status":"publish","type":"post","link":"https:\/\/247stiri.ro\/index.php\/2024\/12\/05\/criza-majora-in-republica-moldova-premierul-dorin-recean-cere-instituirea-starii-de-urgenta-energetica\/","title":{"rendered":"Criz\u0103 major\u0103 \u00een Republica Moldova. Premierul Dorin Recean cere instituirea ST\u0102RII DE URGEN\u021a\u0102 energetic\u0103"},"content":{"rendered":"<p>&#8222;Am solicitat demisia ministrului Energiei, Victor Parlicov, pentru c\u0103 el este responsabil de gestionarea sectorului energetic. A admis gre\u015feli care ne-au adus \u00een aceast\u0103 situa\u0163ie de criz\u0103. Am solicitat \u015fi demisia directorului general Energocom, Victor B\u00e2nzari. Compania nu a achizi\u0163ionat gaze atunci c\u00e2nd a fost posibil. S-a ascuns \u00een spatele unor proceduri birocratice. \u00cen felul acesta, ei nu au reu\u015fit s\u0103 asigure necesarul de gaze pentru perioada de iarn\u0103 la cele mai avantajoase pre\u0163uri&#8221;, a declarat Recean \u00een conferin\u0163a de pres\u0103.<\/p>\n<p>&#8222;Am solicitat \u015fi demisia membrului Consiliului de Observatori de la Moldovagaz, Sergiu Tofilat. Chiar dac\u0103 nu avea competen\u0163\u0103, d\u00e2nsul a blocat procurarea de gaze de c\u0103tre institu\u0163iile responsabile atunci c\u00e2nd erau pre\u0163urile cele mai convenabile. Aceste persoane fie au blocat, fie nu au ac\u0163ionat la momentul potrivit pentru a achizi\u0163iona gaze la cel mai convenabil pre\u0163. \u00cen loc s\u0103 paseze vina pe altcineva, sarcina lor era s\u0103 asigure R. Moldova cu gaze&#8221;, a ad\u0103ugat premierul.<\/p>\n<p>\u00cen acela\u015fi timp, \u015feful guvernului a anun\u0163at c\u0103 va merge s\u0103pt\u0103m\u00e2na viitoare \u00een parlament pentru a solicita instituirea st\u0103rii de urgen\u0163\u0103 \u00een sectorul energetic, \u00eencep\u00e2nd cu 16 decembrie.<\/p>\n<p>\u00a0<\/p>\n<p>&#8222;Avem \u00een fa\u0163\u0103 un sezon rece dificil, cu multe riscuri, iar din acest motiv am decis s\u0103 cer parlamentului instituirea st\u0103rii de urgen\u0163\u0103 \u00een domeniul energetic \u00eencep\u00e2nd cu 16 decembrie 2024. Aceast\u0103 stare de urgen\u0163\u0103 va fi \u00een vigoare p\u00e2n\u0103 la dep\u0103\u015firea situa\u0163iei legate de alimentarea cu gaze a cet\u0103\u0163enilor no\u015ftri, inclusiv a celor din regiunea transnistrean\u0103. Dar, cel mai important &#8211; pentru a gestiona eventualele consecin\u0163e ale crizei \u015fi pentru asigurarea cu electricitate cet\u0103\u0163enii de pe malul drept al Nistrului. Trebuie s\u0103 fim preg\u0103ti\u0163i pentru toate scenariile, mai ales c\u0103 de trei ani frigul e folosit ca o arm\u0103 \u00eempotriva oamenilor din \u00eentreaga regiune&#8221;, a punctat Recean.<\/p>\n<p>Premierul a indicat c\u0103 deciziile de joi urmeaz\u0103 \u015fedin\u0163ei din urm\u0103 cu o zi cu institu\u0163iile responsabile de asigurare a Republicii Moldova cu gaze naturale \u015fi energie electric\u0103 \u00een cadrul c\u0103reia s-au decis mai multe m\u0103suri.<\/p>\n<p>&#8222;Am pus \u00een discu\u0163ie toate evolu\u0163iile \u015fi riscurile posibile at\u00e2t \u00een contextul r\u0103zboiului din Ucraina, c\u00e2t \u015fi \u00een eventualitatea unor ac\u0163iuni ostile fa\u0163\u0103 de sectorul energetic al R. Moldova. Am solicitat ca institu\u0163iile responsabile s\u0103 fie preg\u0103tite s\u0103 reac\u0163ioneze rapid \u015fi eficient&#8221;, a subliniat Dorin Recean, enumer\u00e2nd c\u00e2teva dintre aceste m\u0103suri.<\/p>\n<p>Potrivit acestuia, compania Moldelectrica urmeaz\u0103 s\u0103 asigure interconexiunea la o capacitate mai mare pentru a importa energie electric\u0103 \u00een caz de necesitate. Tot Moldelectrica trebuie s\u0103 preg\u0103teasc\u0103 scenariile de interconexiune insular\u0103 pe liniile de tensiune \u00eenalt\u0103 cu Rom\u00e2nia. Aceast\u0103 companie trebuie s\u0103 coordoneze cu omologii ucraineni logistica de mentenan\u0163\u0103 a liniei de tensiune \u00eenalt\u0103 Isaccea &#8211; Vulc\u0103ne\u015fti, pe teritoriul Ucrainei.<\/p>\n<p>\u00cen acela\u015fi timp, societatea Energocom urmeaz\u0103 s\u0103 \u00eencheie contracte de contingen\u0163\u0103 pentru ca cet\u0103\u0163enii s\u0103 aib\u0103 curent electric \u00een cazul \u00een care Centrala de la Cuciurgan nu ar mai putea func\u0163iona. De asemenea, aceasta trebuie s\u0103 \u00eencheie contracte de contingen\u0163\u0103 pentru ca cet\u0103\u0163enii s\u0103 beneficieze de gaze naturale.\u00a0<\/p>","protected":false},"excerpt":{"rendered":"<p>&#8222;Am solicitat demisia ministrului Energiei, Victor Parlicov, pentru c\u0103 el este responsabil de gestionarea sectorului&hellip;<\/p>\n","protected":false},"author":0,"featured_media":13799,"comment_status":"open","ping_status":"open","sticky":false,"template":"","format":"standard","meta":{"footnotes":""},"categories":[2],"tags":[],"class_list":["post-13811","post","type-post","status-publish","format-standard","has-post-thumbnail","hentry","category-actual"],"_links":{"self":[{"href":"https:\/\/247stiri.ro\/index.php\/wp-json\/wp\/v2\/posts\/13811","targetHints":{"allow":["GET"]}}],"collection":[{"href":"https:\/\/247stiri.ro\/index.php\/wp-json\/wp\/v2\/posts"}],"about":[{"href":"https:\/\/247stiri.ro\/index.php\/wp-json\/wp\/v2\/types\/post"}],"replies":[{"embeddable":true,"href":"https:\/\/247stiri.ro\/index.php\/wp-json\/wp\/v2\/comments?post=13811"}],"version-history":[{"count":0,"href":"https:\/\/247stiri.ro\/index.php\/wp-json\/wp\/v2\/posts\/13811\/revisions"}],"wp:featuredmedia":[{"embeddable":true,"href":"https:\/\/247stiri.ro\/index.php\/wp-json\/wp\/v2\/media\/13799"}],"wp:attachment":[{"href":"https:\/\/247stiri.ro\/index.php\/wp-json\/wp\/v2\/media?parent=13811"}],"wp:term":[{"taxonomy":"category","embeddable":true,"href":"https:\/\/247stiri.ro\/index.php\/wp-json\/wp\/v2\/categories?post=13811"},{"taxonomy":"post_tag","embeddable":true,"href":"https:\/\/247stiri.ro\/index.php\/wp-json\/wp\/v2\/tags?post=13811"}],"curies":[{"name":"wp","href":"https:\/\/api.w.org\/{rel}","templated":true}]}}