{"id":13828,"date":"2024-12-05T15:44:49","date_gmt":"2024-12-05T15:44:49","guid":{"rendered":"https:\/\/247stiri.ro\/index.php\/2024\/12\/05\/panica-printre-jurnalisti-politia-capitalei-deschide-o-ancheta-dupa-amenintarile-primite-de-presa-in-campania-electorala\/"},"modified":"2024-12-05T15:44:49","modified_gmt":"2024-12-05T15:44:49","slug":"panica-printre-jurnalisti-politia-capitalei-deschide-o-ancheta-dupa-amenintarile-primite-de-presa-in-campania-electorala","status":"publish","type":"post","link":"https:\/\/247stiri.ro\/index.php\/2024\/12\/05\/panica-printre-jurnalisti-politia-capitalei-deschide-o-ancheta-dupa-amenintarile-primite-de-presa-in-campania-electorala\/","title":{"rendered":"Panic\u0103 printre jurnali\u0219ti: Poli\u021bia Capitalei deschide o anchet\u0103 dup\u0103 amenin\u021b\u0103rile primite de pres\u0103 \u00een campania electoral\u0103"},"content":{"rendered":"<p>Declara\u021bia oficial\u0103<\/p>\n<p>\u201e\u00cen leg\u0103tur\u0103 cu informa\u021biile ap\u0103rute \u00een spa\u021biul public, care indic\u0103 faptul c\u0103 unor jurnali\u0219ti le-ar fi fost transmise mesaje de amenin\u021bare \u00een cadrul campaniei electorale, Direc\u021bia General\u0103 de Poli\u021bie a Municipiului Bucure\u0219ti \u2013 Serviciul de Investiga\u021bii Criminale a demarat investiga\u021bii pentru s\u0103v\u00e2r\u0219irea infrac\u021biunii de amenin\u021bare,\u201d au precizat reprezentan\u021bii institu\u021biei.<\/p>\n<p><a href=\"https:\/\/www.realitatea.net\/stiri\/actual\/gest-socant-facut-de-ips-teodosie-arhiepiscopul-tomisului-sa-suparat-pe-jurnalisti_6724ee7ea4a7c921a529e1c3\" target=\"_blank\">Autorit\u0103\u021bile au ini\u021biat<\/a> cercet\u0103ri pentru a identifica sursa amenin\u021b\u0103rilor \u0219i pentru a evalua eventualele riscuri la adresa siguran\u021bei jurnali\u0219tilor viza\u021bi. Ac\u021biunea poli\u021biei vine ca r\u0103spuns la o problem\u0103 grav\u0103, ce ar putea afecta libertatea de exprimare \u0219i activitatea profesional\u0103 a presei, mai ales \u00eentr-un moment sensibil precum campania electoral\u0103.<\/p>\n<p>Aceast\u0103 situa\u021bie subliniaz\u0103 tensiunile crescute din perioada premerg\u0103toare alegerilor, c\u00e2nd discursurile \u0219i ac\u021biunile se intensific\u0103. Poli\u021bia Capitalei a transmis c\u0103 trateaz\u0103 cu maxim\u0103 seriozitate orice amenin\u021bare sau incident care ar putea afecta siguran\u021ba cet\u0103\u021benilor, inclusiv <a href=\"https:\/\/www.realitatea.net\/stiri\/actual\/jurnalistii-statului-paralel-au-atacat-din-nou-postul-realitatea-cine-sunt-cei-care-au-facut-scut-in-jurul-lui-coldea_66573637f7e6274c0c4d4655\" target=\"_blank\">a reprezentan\u021bilor mass-media.<\/a><\/p>","protected":false},"excerpt":{"rendered":"<p>Declara\u021bia oficial\u0103 \u201e\u00cen leg\u0103tur\u0103 cu informa\u021biile ap\u0103rute \u00een spa\u021biul public, care indic\u0103 faptul c\u0103 unor&hellip;<\/p>\n","protected":false},"author":0,"featured_media":13829,"comment_status":"open","ping_status":"open","sticky":false,"template":"","format":"standard","meta":{"footnotes":""},"categories":[2],"tags":[],"class_list":["post-13828","post","type-post","status-publish","format-standard","has-post-thumbnail","hentry","category-actual"],"_links":{"self":[{"href":"https:\/\/247stiri.ro\/index.php\/wp-json\/wp\/v2\/posts\/13828","targetHints":{"allow":["GET"]}}],"collection":[{"href":"https:\/\/247stiri.ro\/index.php\/wp-json\/wp\/v2\/posts"}],"about":[{"href":"https:\/\/247stiri.ro\/index.php\/wp-json\/wp\/v2\/types\/post"}],"replies":[{"embeddable":true,"href":"https:\/\/247stiri.ro\/index.php\/wp-json\/wp\/v2\/comments?post=13828"}],"version-history":[{"count":0,"href":"https:\/\/247stiri.ro\/index.php\/wp-json\/wp\/v2\/posts\/13828\/revisions"}],"wp:featuredmedia":[{"embeddable":true,"href":"https:\/\/247stiri.ro\/index.php\/wp-json\/wp\/v2\/media\/13829"}],"wp:attachment":[{"href":"https:\/\/247stiri.ro\/index.php\/wp-json\/wp\/v2\/media?parent=13828"}],"wp:term":[{"taxonomy":"category","embeddable":true,"href":"https:\/\/247stiri.ro\/index.php\/wp-json\/wp\/v2\/categories?post=13828"},{"taxonomy":"post_tag","embeddable":true,"href":"https:\/\/247stiri.ro\/index.php\/wp-json\/wp\/v2\/tags?post=13828"}],"curies":[{"name":"wp","href":"https:\/\/api.w.org\/{rel}","templated":true}]}}