{"id":1383,"date":"2024-10-24T06:44:49","date_gmt":"2024-10-24T06:44:49","guid":{"rendered":"https:\/\/247stiri.ro\/index.php\/2024\/10\/24\/un-luptator-de-la-trupele-speciale-i-a-rupt-mana-unui-politist-s-a-ales-cu-dosar-penal\/"},"modified":"2024-10-24T06:44:49","modified_gmt":"2024-10-24T06:44:49","slug":"un-luptator-de-la-trupele-speciale-i-a-rupt-mana-unui-politist-s-a-ales-cu-dosar-penal","status":"publish","type":"post","link":"https:\/\/247stiri.ro\/index.php\/2024\/10\/24\/un-luptator-de-la-trupele-speciale-i-a-rupt-mana-unui-politist-s-a-ales-cu-dosar-penal\/","title":{"rendered":"Un lupt\u0103tor de la trupele speciale i-a rupt m\u00e2na unui poli\u021bist. S-a ales cu dosar penal"},"content":{"rendered":"<p>Un nefericit incident petrecut zilele trecute s-a soldat cu r\u0103nirea unui agent de poli\u021bie din Gala\u021bi \u0219i cu anchetarea unui poli\u021bist care avea misiunea de a-l preg\u0103ti tactic \u0219i fizic. Accidentul a avut loc \u00een timpul unei sesiuni de antrenament la care participau tineri agen\u021bi, recent angaja\u021bi \u00een structurile Poli\u021biei Municipiului.<\/p>\n<p>Unul dintre ei, intrat \u00een sistem de mai pu\u021bin de un an, la Sec\u021bia 4 Poli\u021bie, trebuia s\u0103 fac\u0103 un exerci\u021biu de \u00eenc\u0103tu\u0219are \u00eempreun\u0103 cu un lupt\u0103tor de la Serviciul pentru Ac\u021biuni Speciale, structur\u0103 desemnat\u0103 cu antrenarea tinerilor agen\u021bi. Din p\u0103cate, \u00een timpul procedeului, poli\u021bistul de la trupele speciale a reu\u0219it, din gre\u0219eal\u0103, s\u0103 \u00eei rup\u0103 m\u00e2na mai t\u00e2n\u0103rului s\u0103u coleg. Acesta a fost dus la spital \u0219i va avea nevoie de interven\u021bie chirurgical\u0103.<\/p>\n<p>\u00cen paralel, lupt\u0103torul SAS a fost mobilizat pentru cercet\u0103ri, modul \u00een care a efectuat procedura fiind verificat \u0219i \u00een cadrul unei anchete interne, dar \u0219i de procurori, \u00eentr-un dosar penal pentru nerespectarea m\u0103surilor legale de securitate \u0219i s\u0103n\u0103tate \u00een munc\u0103.\u00a0<\/p>\n<p>Astfel de antrenamente se efectueaz\u0103 continuu cu personalul nou \u00eencadrat \u00een r\u00e2ndurile poli\u021biei, mai ales \u00een condi\u021biile angaj\u0103rilor din surs\u0103 extern\u0103 \u0219i chiar al absolven\u021bilor unit\u0103\u021bilor de \u00eenv\u0103\u021b\u0103m\u00e2nt ale MAI.<\/p>","protected":false},"excerpt":{"rendered":"<p>Un nefericit incident petrecut zilele trecute s-a soldat cu r\u0103nirea unui agent de poli\u021bie din&hellip;<\/p>\n","protected":false},"author":0,"featured_media":1384,"comment_status":"open","ping_status":"open","sticky":false,"template":"","format":"standard","meta":{"footnotes":""},"categories":[2],"tags":[],"class_list":["post-1383","post","type-post","status-publish","format-standard","has-post-thumbnail","hentry","category-actual"],"_links":{"self":[{"href":"https:\/\/247stiri.ro\/index.php\/wp-json\/wp\/v2\/posts\/1383","targetHints":{"allow":["GET"]}}],"collection":[{"href":"https:\/\/247stiri.ro\/index.php\/wp-json\/wp\/v2\/posts"}],"about":[{"href":"https:\/\/247stiri.ro\/index.php\/wp-json\/wp\/v2\/types\/post"}],"replies":[{"embeddable":true,"href":"https:\/\/247stiri.ro\/index.php\/wp-json\/wp\/v2\/comments?post=1383"}],"version-history":[{"count":0,"href":"https:\/\/247stiri.ro\/index.php\/wp-json\/wp\/v2\/posts\/1383\/revisions"}],"wp:featuredmedia":[{"embeddable":true,"href":"https:\/\/247stiri.ro\/index.php\/wp-json\/wp\/v2\/media\/1384"}],"wp:attachment":[{"href":"https:\/\/247stiri.ro\/index.php\/wp-json\/wp\/v2\/media?parent=1383"}],"wp:term":[{"taxonomy":"category","embeddable":true,"href":"https:\/\/247stiri.ro\/index.php\/wp-json\/wp\/v2\/categories?post=1383"},{"taxonomy":"post_tag","embeddable":true,"href":"https:\/\/247stiri.ro\/index.php\/wp-json\/wp\/v2\/tags?post=1383"}],"curies":[{"name":"wp","href":"https:\/\/api.w.org\/{rel}","templated":true}]}}