{"id":13836,"date":"2024-12-05T15:44:50","date_gmt":"2024-12-05T15:44:50","guid":{"rendered":"https:\/\/247stiri.ro\/index.php\/2024\/12\/05\/olanda-incepe-eliberarea-anticipata-de-detinuti-din-cauza-lipsei-de-locuri-in-inchisori\/"},"modified":"2024-12-05T15:44:50","modified_gmt":"2024-12-05T15:44:50","slug":"olanda-incepe-eliberarea-anticipata-de-detinuti-din-cauza-lipsei-de-locuri-in-inchisori","status":"publish","type":"post","link":"https:\/\/247stiri.ro\/index.php\/2024\/12\/05\/olanda-incepe-eliberarea-anticipata-de-detinuti-din-cauza-lipsei-de-locuri-in-inchisori\/","title":{"rendered":"Olanda \u00eencepe eliberarea anticipat\u0103 de de\u0163inu\u0163i din cauza lipsei de locuri \u00een \u00eenchisori"},"content":{"rendered":"<p>Anun\u0163ul a fost f\u0103cut de Ingrid Coenradie, secretar de stat \u00een Ministerul Justi\u0163iei, \u00een Parlamentul de la Haga.Ea a mai precizat c\u0103 se afl\u0103 \u00een prezent \u00een discu\u0163ii cu Estonia pentru eventuala \u00eenchiriere de celule de penitenciar \u00een aceast\u0103 \u0163ar\u0103.Deocamdat\u0103, obiectivul este s\u0103 se reduc\u0103 pedepsele cu trei zile, \u00eens\u0103 aceast\u0103 reducere ar trebui majorat\u0103 la o s\u0103pt\u0103m\u00e2n\u0103. Este posibil, de asemenea, ca unele pedepse s\u0103 fie anulate complet. &#8216;Nu pot exclude acest lucru, at\u00e2t de rea e situa\u0163ia&#8217;, a afirmat secretarul de stat.Ea a explicat c\u0103 toate celelalte m\u0103suri au fost deja epuizate, chiar \u015fi celulele de arest preventiv din sec\u0163iile de poli\u0163ie fiind ocupate \u00een totalitate.Motivele acestei crize ar fi un deficit de personal penitenciar \u015fi faptul c\u0103 tribunalele olandeze dispun \u00een prezent condamn\u0103ri mai lungi.Mul\u0163i de\u0163inu\u0163i au fost deja elibera\u0163i anticipat, iar \u00een unele cazuri executarea pedepselor a fost suspendat\u0103 p\u00e2n\u0103 c\u00e2nd a devenit disponibil\u0103 o celul\u0103.\u00cen urm\u0103 cu doar c\u00e2\u0163iva ani, \u00een Olanda exista un exces de celule libere, ceea ce a determinat autorit\u0103\u0163ile s\u0103 \u00eenchid\u0103 unele penitenciare.<\/p>","protected":false},"excerpt":{"rendered":"<p>Anun\u0163ul a fost f\u0103cut de Ingrid Coenradie, secretar de stat \u00een Ministerul Justi\u0163iei, \u00een Parlamentul&hellip;<\/p>\n","protected":false},"author":0,"featured_media":13824,"comment_status":"open","ping_status":"open","sticky":false,"template":"","format":"standard","meta":{"footnotes":""},"categories":[2],"tags":[],"class_list":["post-13836","post","type-post","status-publish","format-standard","has-post-thumbnail","hentry","category-actual"],"_links":{"self":[{"href":"https:\/\/247stiri.ro\/index.php\/wp-json\/wp\/v2\/posts\/13836","targetHints":{"allow":["GET"]}}],"collection":[{"href":"https:\/\/247stiri.ro\/index.php\/wp-json\/wp\/v2\/posts"}],"about":[{"href":"https:\/\/247stiri.ro\/index.php\/wp-json\/wp\/v2\/types\/post"}],"replies":[{"embeddable":true,"href":"https:\/\/247stiri.ro\/index.php\/wp-json\/wp\/v2\/comments?post=13836"}],"version-history":[{"count":0,"href":"https:\/\/247stiri.ro\/index.php\/wp-json\/wp\/v2\/posts\/13836\/revisions"}],"wp:featuredmedia":[{"embeddable":true,"href":"https:\/\/247stiri.ro\/index.php\/wp-json\/wp\/v2\/media\/13824"}],"wp:attachment":[{"href":"https:\/\/247stiri.ro\/index.php\/wp-json\/wp\/v2\/media?parent=13836"}],"wp:term":[{"taxonomy":"category","embeddable":true,"href":"https:\/\/247stiri.ro\/index.php\/wp-json\/wp\/v2\/categories?post=13836"},{"taxonomy":"post_tag","embeddable":true,"href":"https:\/\/247stiri.ro\/index.php\/wp-json\/wp\/v2\/tags?post=13836"}],"curies":[{"name":"wp","href":"https:\/\/api.w.org\/{rel}","templated":true}]}}