{"id":13885,"date":"2024-12-05T18:45:56","date_gmt":"2024-12-05T18:45:56","guid":{"rendered":"https:\/\/247stiri.ro\/index.php\/2024\/12\/05\/noi-detalii-in-cazul-columbianului-acuzat-de-spionaj-si-tentativa-de-distrugere-a-obiectivelor-din-romania-instigat-de-un-rezident-rus-avea-ca-tinta-o-zona-comerciala-din-orasul-bragadiru\/"},"modified":"2024-12-05T18:45:56","modified_gmt":"2024-12-05T18:45:56","slug":"noi-detalii-in-cazul-columbianului-acuzat-de-spionaj-si-tentativa-de-distrugere-a-obiectivelor-din-romania-instigat-de-un-rezident-rus-avea-ca-tinta-o-zona-comerciala-din-orasul-bragadiru","status":"publish","type":"post","link":"https:\/\/247stiri.ro\/index.php\/2024\/12\/05\/noi-detalii-in-cazul-columbianului-acuzat-de-spionaj-si-tentativa-de-distrugere-a-obiectivelor-din-romania-instigat-de-un-rezident-rus-avea-ca-tinta-o-zona-comerciala-din-orasul-bragadiru\/","title":{"rendered":"Noi detalii \u00een cazul columbianului acuzat de spionaj \u0219i tentativ\u0103 de distrugere a obiectivelor din Rom\u00e2nia, instigat de un rezident rus. Avea ca \u021aINT\u0102 o zon\u0103 comercial\u0103 din ora\u015ful Bragadiru"},"content":{"rendered":"<p>\u021ainta: zona comercial\u0103 din Bragadiru<\/p>\n<p><a href=\"https:\/\/www.realitatea.net\/stiri\/actual\/columbian-instruit-de-rusia-sa-arunce-in-aer-obiective-din-romania-trimis-in-judecata-de-diicot-cum-planuia-barbatul-sa-actioneze_67506b9e302d880644178232\" target=\"_blank\">Conform surselor anchetei,<\/a> b\u0103rbatul avea ca \u021bint\u0103 o zon\u0103 comercial\u0103 din ora\u0219ul Bragadiru, jude\u021bul Ilfov. \u00cen telefonul s\u0103u au fost g\u0103site imagini cu zona respectiv\u0103, \u00een care erau marcate anumite obiective, inclusiv un turn \u0219i un depozit. Mai mult, columbianul a trimis coordonatorului s\u0103u din Rusia o fotografie care s\u0103 ateste prezen\u021ba sa \u00een loca\u021bia desemnat\u0103. De asemenea, b\u0103rbatul a fost re\u021binut pe una dintre str\u0103zile de acces c\u0103tre zona vizat\u0103, care include at\u00e2t spa\u021bii comerciale, c\u00e2t \u0219i depozite \u0219i magistrale de transport al gazului, fiind o zon\u0103 cu risc mare \u00een cazul unui incendiu sau explozie.<\/p>\n<p>De\u0219i tentativa de atac nu s-a materializat, la scurt timp dup\u0103 re\u021binerea columbianului, agen\u021biile de propagand\u0103 ale Rusiei au r\u0103sp\u00e2ndit un fals pe re\u021belele sociale, afirm\u00e2nd c\u0103 ar fi avut loc un incendiu major la un depozit din Bragadiru, care ar fi con\u021binut carburant destinat armatei ucrainene. \u0218tirea fals\u0103 a fost distribuit\u0103 pe platformele X (fost Twitter), Telegram, VK, YouTube \u0219i Reddit, fiind prezentat\u0103 ca un sabotaj reu\u0219it de c\u0103tre o grupare de rezisten\u021b\u0103 ucrainean\u0103.<\/p>\n<p>Ac\u021biunile columbianului \u0219i leg\u0103tura cu Rusia<\/p>\n<p>Sursele anchetei sus\u021bin c\u0103 cet\u0103\u021beanul columbian a recunoscut \u00een timpul audierilor c\u0103 a ac\u021bionat singur, dar la instigarea unui rezident rus. Potrivit DIICOT, \u00een iulie 2024, b\u0103rbatul a desf\u0103\u0219urat activit\u0103\u021bi de documentare \u00een teren, realiz\u00e2nd fotografii \u0219i film\u0103ri ale obiectivelor pe care inten\u021biona s\u0103 le distrug\u0103. Acesta a fost instruit \u00een activit\u0103\u021bi de culegere de informa\u021bii \u00een cadrul armatei din Columbia, ceea ce sugereaz\u0103 experien\u021b\u0103 \u00een acest tip de opera\u021biuni.<\/p>\n<p>Columbianul a fost arestat preventiv pe 1 august \u0219i, pe 13 noiembrie 2024, procurorii DIICOT l-au trimis \u00een judecat\u0103 pentru tentativ\u0103 de comiterea a unui act de diversiune care pune \u00een pericol securitatea na\u021bional\u0103. Ancheta a ar\u0103tat c\u0103 planul infrac\u021bional nu a fost finalizat din cauza interven\u021biei rapide a autorit\u0103\u021bilor rom\u00e2ne.<\/p>\n<p><a href=\"https:\/\/www.realitatea.net\/stiri\/actual\/un-ciclist-columbian-a-murit-la-doar-16-ani-dupa-ce-sa-accidentat-in-timpul-unei-curse-doliu-urias_63f8935762068477a2404942\" target=\"_blank\">\u00cen cadrul investiga\u021biilor<\/a>, DIICOT a precizat c\u0103 ac\u021biuni similare au fost identificate \u0219i \u00een alte \u021b\u0103ri europene, acestea fiind coordonate de grupuri sus\u021binute de Rusia, cu scopul de a crea panic\u0103, a submina \u00eencrederea \u00een autorit\u0103\u021bi \u0219i a destabiliza sprijinul fa\u021b\u0103 de Ucraina.<\/p>\n<p>\u201eDe asemenea, \u00een aceea\u015fi perioad\u0103, inculpatul a procedat la efectuarea recunoa\u015fterii \u00een teren a obiectivelor pe care inten\u0163iona s\u0103 le distrug\u0103 \u00een modalit\u0103\u0163ile men\u0163ionate, realiz\u00e2nd fotografii \u015fi film\u0103ri ale acestora. Planul infrac\u0163ional nu a fost finalizat datorit\u0103 interven\u0163iei organelor de poli\u0163ie. Cercet\u0103rile efectuate au mai relevat c\u0103 inculpatul a efectuat stagiul militar \u00een cadrul for\u0163elor armate din \u0163ara de origine, fiind instruit \u00een activit\u0103\u0163i de culegere de informa\u0163ii\u201d, a precizat DIICOT.<\/p>","protected":false},"excerpt":{"rendered":"<p>\u021ainta: zona comercial\u0103 din Bragadiru Conform surselor anchetei, b\u0103rbatul avea ca \u021bint\u0103 o zon\u0103 comercial\u0103&hellip;<\/p>\n","protected":false},"author":0,"featured_media":13886,"comment_status":"open","ping_status":"open","sticky":false,"template":"","format":"standard","meta":{"footnotes":""},"categories":[2],"tags":[],"class_list":["post-13885","post","type-post","status-publish","format-standard","has-post-thumbnail","hentry","category-actual"],"_links":{"self":[{"href":"https:\/\/247stiri.ro\/index.php\/wp-json\/wp\/v2\/posts\/13885","targetHints":{"allow":["GET"]}}],"collection":[{"href":"https:\/\/247stiri.ro\/index.php\/wp-json\/wp\/v2\/posts"}],"about":[{"href":"https:\/\/247stiri.ro\/index.php\/wp-json\/wp\/v2\/types\/post"}],"replies":[{"embeddable":true,"href":"https:\/\/247stiri.ro\/index.php\/wp-json\/wp\/v2\/comments?post=13885"}],"version-history":[{"count":0,"href":"https:\/\/247stiri.ro\/index.php\/wp-json\/wp\/v2\/posts\/13885\/revisions"}],"wp:featuredmedia":[{"embeddable":true,"href":"https:\/\/247stiri.ro\/index.php\/wp-json\/wp\/v2\/media\/13886"}],"wp:attachment":[{"href":"https:\/\/247stiri.ro\/index.php\/wp-json\/wp\/v2\/media?parent=13885"}],"wp:term":[{"taxonomy":"category","embeddable":true,"href":"https:\/\/247stiri.ro\/index.php\/wp-json\/wp\/v2\/categories?post=13885"},{"taxonomy":"post_tag","embeddable":true,"href":"https:\/\/247stiri.ro\/index.php\/wp-json\/wp\/v2\/tags?post=13885"}],"curies":[{"name":"wp","href":"https:\/\/api.w.org\/{rel}","templated":true}]}}