{"id":13926,"date":"2024-12-05T20:45:23","date_gmt":"2024-12-05T20:45:23","guid":{"rendered":"https:\/\/247stiri.ro\/index.php\/2024\/12\/05\/maia-sandu-o-sustine-pe-elena-lasconi-presedintele-republicii-moldova-a-venit-la-bucuresti-si-are-un-mesaj-ferm-pentru-romani\/"},"modified":"2024-12-05T20:45:23","modified_gmt":"2024-12-05T20:45:23","slug":"maia-sandu-o-sustine-pe-elena-lasconi-presedintele-republicii-moldova-a-venit-la-bucuresti-si-are-un-mesaj-ferm-pentru-romani","status":"publish","type":"post","link":"https:\/\/247stiri.ro\/index.php\/2024\/12\/05\/maia-sandu-o-sustine-pe-elena-lasconi-presedintele-republicii-moldova-a-venit-la-bucuresti-si-are-un-mesaj-ferm-pentru-romani\/","title":{"rendered":"Maia Sandu o sus\u021bine pe Elena Lasconi. Pre\u0219edintele Republicii Moldova a venit la Bucure\u0219ti \u0219i are un mesaj ferm pentru rom\u00e2ni"},"content":{"rendered":"<p>\u201eDragi rom\u00e2ni, \u00een acest sf\u00e2r\u0219it de s\u0103pt\u0103m\u00e2n\u0103 din nou mergem la vot. Eu voi vota cu Elena Lasconi, pentru c\u0103 este autentic\u0103 \u0219i simt c\u0103 iube\u0219te Rom\u00e2nia. Cel mai periculos pentru o na\u021biune este c\u00e2nd e cuprins\u0103 de fric\u0103 \u0219i du\u0219m\u0103nie. \u00cen\u021beleg c\u0103 mul\u021bi dintre noi sunt cuprin\u0219i de \u00eengrijorare \u0219i caut\u0103 un lider cu caracter care s\u0103 ne uneasc\u0103. Cred c\u0103 doamna Lasconi poate fi acel lider curajos \u0219i cu dragoste fa\u021b\u0103 de rom\u00e2ni care s\u0103 uneasc\u0103 \u0219i care s\u0103 \u021bin\u0103 Rom\u00e2nia pe calea cea dreapt\u0103.<\/p>\n<p>Pentru noi, cei din Republica Moldova, Rom\u00e2nia \u00eentotdeauna a fost un model de urmat. Prin efortul rom\u00e2nilor, Rom\u00e2nia st\u0103 azi cu fruntea sus \u00een Uniunea European\u0103. Progresele se v\u0103d cu ochiul liber. De aceea \u0219i noi vrem s\u0103 fim parte din Uniunea European\u0103, dar avem nevoie de ajutorul vostru. \u0218tiu c\u0103 Elena Lasconi nu va renun\u021ba la rela\u021bia cu Republica Moldova, ci va continua ce am \u00eenceput s\u0103 facem \u00eempreun\u0103. Avem multe proiecte frumoase de realizat. Destinul nostru comun este lumea liber\u0103 \u2013 bun\u0103starea, stabilitatea \u0219i dezvoltarea pe care le aduce apartenen\u021ba la Uniunea European\u0103. Am \u00eencredere c\u0103, a\u0219a cum rom\u00e2nii au f\u0103cut-o de-a lungul istoriei, Elena Lasconi se va lupta pentru \u021bar\u0103 \u0219i va c\u00e2\u0219tiga pentru \u021bar\u0103. Pentru o Rom\u00e2nie puternic\u0103, respectat\u0103, pentru ca to\u021bi rom\u00e2nii, de acas\u0103 \u0219i de peste hotare, s\u0103 fie uni\u021bi, respecta\u021bi \u0219i m\u00e2ndri de na\u021biunea lor \u00een Europa \u0219i \u00een lume. A\u0219adar, pentru mine \u0219i pentru mul\u021bi al\u021bii, viitorul nostru pa\u0219nic \u0219i prosper e cu \u201eDA\u201c pentru Elena Lasconi! A\u0219a s\u0103 ne-ajute Dumnezeu!\u201d, a transmis Maia Sandu.\u00a0<\/p>\n<p>Maia Sandu a eviden\u021biat faptul c\u0103 Rom\u00e2nia reprezint\u0103 un model <a href=\"https:\/\/www.realitatea.net\/stiri\/actual\/noul-sef-nato-nu-stie-daca-romania-poate-sa-apere-republica-moldova-de-dronele-rusesti-cum-a-reactionat-cand-a-fost-intrebat-de-un-reporter_674f3188a5c2811af32c8fe2\" target=\"_blank\">pentru Republica Moldova<\/a>, subliniind progresul remarcabil al \u021b\u0103rii \u00een Uniunea European\u0103.<\/p>\n<p>Pre\u0219edintele Republicii Moldova a exprimat \u00eencrederea c\u0103 Elena Lasconi va consolida rela\u021biile dintre cele dou\u0103 state \u0219i va sus\u021bine proiectele comune.<\/p>\n\n<p>Elena Lasconi: \u201eM-a emo\u021bionat povestea Maiei Sandu\u201d<\/p>\n<p>La r\u00e2ndul s\u0103u, Elena Lasconi a mul\u021bumit <a href=\"https:\/\/www.realitatea.net\/stiri\/actual\/maia-sandu-mesaj-pe-facebook-de-ziua-nationala-a-romaniei-o-romanie-puternica-este-o-romanie-europeana_674c201b33e5c529eb6eeb02\" target=\"_blank\">pre\u0219edintelui Maia Sandu<\/a> pentru sus\u021binere, declar\u00e2nd c\u0103 o consider\u0103 un exemplu de curaj \u0219i determinare:<\/p>\n<p>\u201e\u00cei mul\u021bumesc tare mult doamnei pre\u0219edinte Maia Sandu pentru c\u0103 a venit la Bucure\u0219ti s\u0103 m\u0103 sus\u021bin\u0103. Am multe de \u00eenv\u0103\u021bat de la domnia sa, este un exemplu de lider curajos \u0219i sunt extrem de onorat\u0103 c\u0103 are \u00eencredere \u00een mine \u0219i \u00een puterea noastr\u0103, a cet\u0103\u021benilor rom\u00e2ni, de a le \u021bine piept ru\u0219ilor.<\/p>\n<p>M-a emo\u021bionat c\u00e2nd am auzit-o povestind c\u0103 Rom\u00e2nia a fost un model pentru Republica Moldova \u0219i c\u0103 sper\u0103 s\u0103 r\u0103m\u00e2n\u0103 a\u0219a \u00een continuare.<\/p>\n<p>Maia Sandu are un mesaj pentru noi to\u021bi, asculta\u021bi-o, v\u0103 rog! Este o voce onest\u0103, clar\u0103, care \u0219tie ce poate face propaganda rus\u0103.\u201d, scrie Elena Lasconi.<\/p>","protected":false},"excerpt":{"rendered":"<p>\u201eDragi rom\u00e2ni, \u00een acest sf\u00e2r\u0219it de s\u0103pt\u0103m\u00e2n\u0103 din nou mergem la vot. Eu voi vota&hellip;<\/p>\n","protected":false},"author":0,"featured_media":13922,"comment_status":"open","ping_status":"open","sticky":false,"template":"","format":"standard","meta":{"footnotes":""},"categories":[2],"tags":[],"class_list":["post-13926","post","type-post","status-publish","format-standard","has-post-thumbnail","hentry","category-actual"],"_links":{"self":[{"href":"https:\/\/247stiri.ro\/index.php\/wp-json\/wp\/v2\/posts\/13926","targetHints":{"allow":["GET"]}}],"collection":[{"href":"https:\/\/247stiri.ro\/index.php\/wp-json\/wp\/v2\/posts"}],"about":[{"href":"https:\/\/247stiri.ro\/index.php\/wp-json\/wp\/v2\/types\/post"}],"replies":[{"embeddable":true,"href":"https:\/\/247stiri.ro\/index.php\/wp-json\/wp\/v2\/comments?post=13926"}],"version-history":[{"count":0,"href":"https:\/\/247stiri.ro\/index.php\/wp-json\/wp\/v2\/posts\/13926\/revisions"}],"wp:featuredmedia":[{"embeddable":true,"href":"https:\/\/247stiri.ro\/index.php\/wp-json\/wp\/v2\/media\/13922"}],"wp:attachment":[{"href":"https:\/\/247stiri.ro\/index.php\/wp-json\/wp\/v2\/media?parent=13926"}],"wp:term":[{"taxonomy":"category","embeddable":true,"href":"https:\/\/247stiri.ro\/index.php\/wp-json\/wp\/v2\/categories?post=13926"},{"taxonomy":"post_tag","embeddable":true,"href":"https:\/\/247stiri.ro\/index.php\/wp-json\/wp\/v2\/tags?post=13926"}],"curies":[{"name":"wp","href":"https:\/\/api.w.org\/{rel}","templated":true}]}}