{"id":13964,"date":"2024-12-06T05:46:33","date_gmt":"2024-12-06T05:46:33","guid":{"rendered":"https:\/\/247stiri.ro\/index.php\/2024\/12\/06\/razboi-in-ucraina-ziua-1017-mesajul-lui-mark-rutte-pentru-zelenski-care-este-prioritatea-nato-live-text\/"},"modified":"2024-12-06T05:46:33","modified_gmt":"2024-12-06T05:46:33","slug":"razboi-in-ucraina-ziua-1017-mesajul-lui-mark-rutte-pentru-zelenski-care-este-prioritatea-nato-live-text","status":"publish","type":"post","link":"https:\/\/247stiri.ro\/index.php\/2024\/12\/06\/razboi-in-ucraina-ziua-1017-mesajul-lui-mark-rutte-pentru-zelenski-care-este-prioritatea-nato-live-text\/","title":{"rendered":"R\u0103zboi \u00een Ucraina, ziua 1017. Mesajul lui Mark Rutte pentru Zelenski: care este prioritatea NATO &#8211; LIVE TEXT"},"content":{"rendered":"<p>UPDATE 5:20 &#8211; Secretarul general al NATO, Mark Rutte, i-a transmis joi pre\u015fedintelui ucrainean Volodimir Zelenski c\u0103 alia\u0163ii au f\u0103cut o &#8222;prioritate&#8221; din livrarea mai multor sisteme de ap\u0103rare antiaerian\u0103 \u015fi de muni\u0163ii Ucrainei \u015fi din a face acest lucru c\u00e2t mai rapid posibil, potrivit EFE.<\/p>\n<p>Rutte l-a sunat pe Zelenski pentru a-l informa cu privire la rezultatul reuniunii mini\u015ftrilor de externe din NATO din aceast\u0103 s\u0103pt\u0103m\u00e2n\u0103 de la Bruxelles, conform unui mesaj postat de \u015feful NATO pe re\u0163ele de social media.<\/p>\n<p>&#8222;Prioritatea noastr\u0103 este un sprijin sporit pentru Ucraina. Mai mult\u0103 ap\u0103rare antiaerian\u0103, mai mult\u0103 muni\u0163ie \u015fi c\u00e2t mai rapid&#8221;, a declarat fostul premier olandez.<\/p>\n<p>\u00cen discu\u0163ia telefonic\u0103 avut\u0103 cu Mark Rutte, Volodimir Zelenski a reiterat &#8222;importan\u0163a invit\u0103rii Ucrainei \u00een NATO&#8221; \u015fi \u00eent\u0103rirea \u00een timp util a brig\u0103zilor ucrainene de lupt\u0103 cu muni\u0163ie, arme \u015fi echipamente, precum \u015fi &#8222;consolidarea ap\u0103r\u0103rii Ucrainei \u00eempotriva terorii aeriene ruse \u00een aceast\u0103 iarn\u0103&#8221;.<\/p>\n<p>Pre\u015fedintele ucrainean a men\u0163ionat, de asemenea, c\u0103 a discutat cu Rutte \u015fi despre o coordonare a pozi\u0163iilor celor dou\u0103 p\u0103r\u0163i pentru a &#8222;aduce o pace just\u0103 \u015fi stabil\u0103&#8221; \u00een Ucraina.<\/p>\n<p>&#8222;Sprijinirea Ucrainei este crucial\u0103 nu numai pentru \u0163ara noastr\u0103, ci \u015fi pentru to\u0163i partenerii din Europa, deoarece securitatea unuia este baza pentru securitatea tuturor&#8221;, a concluzionat Zelenski.<\/p>\n<p>Mini\u015ftrii de externe din statele membre ale Alian\u0163ei Nord-Atlantice au avut mar\u0163i seara un Consiliu NATO-Ucraina cu omologul lor ucrainean Andrii Sibiga.<\/p>","protected":false},"excerpt":{"rendered":"<p>UPDATE 5:20 &#8211; Secretarul general al NATO, Mark Rutte, i-a transmis joi pre\u015fedintelui ucrainean Volodimir&hellip;<\/p>\n","protected":false},"author":0,"featured_media":13957,"comment_status":"open","ping_status":"open","sticky":false,"template":"","format":"standard","meta":{"footnotes":""},"categories":[2],"tags":[],"class_list":["post-13964","post","type-post","status-publish","format-standard","has-post-thumbnail","hentry","category-actual"],"_links":{"self":[{"href":"https:\/\/247stiri.ro\/index.php\/wp-json\/wp\/v2\/posts\/13964","targetHints":{"allow":["GET"]}}],"collection":[{"href":"https:\/\/247stiri.ro\/index.php\/wp-json\/wp\/v2\/posts"}],"about":[{"href":"https:\/\/247stiri.ro\/index.php\/wp-json\/wp\/v2\/types\/post"}],"replies":[{"embeddable":true,"href":"https:\/\/247stiri.ro\/index.php\/wp-json\/wp\/v2\/comments?post=13964"}],"version-history":[{"count":0,"href":"https:\/\/247stiri.ro\/index.php\/wp-json\/wp\/v2\/posts\/13964\/revisions"}],"wp:featuredmedia":[{"embeddable":true,"href":"https:\/\/247stiri.ro\/index.php\/wp-json\/wp\/v2\/media\/13957"}],"wp:attachment":[{"href":"https:\/\/247stiri.ro\/index.php\/wp-json\/wp\/v2\/media?parent=13964"}],"wp:term":[{"taxonomy":"category","embeddable":true,"href":"https:\/\/247stiri.ro\/index.php\/wp-json\/wp\/v2\/categories?post=13964"},{"taxonomy":"post_tag","embeddable":true,"href":"https:\/\/247stiri.ro\/index.php\/wp-json\/wp\/v2\/tags?post=13964"}],"curies":[{"name":"wp","href":"https:\/\/api.w.org\/{rel}","templated":true}]}}