{"id":1399,"date":"2024-10-24T07:44:47","date_gmt":"2024-10-24T07:44:47","guid":{"rendered":"https:\/\/247stiri.ro\/index.php\/2024\/10\/24\/dan-diaconescu-si-traian-basescu-macel-in-direct-cum-ii-acuza-diaconescu-pe-basescu-si-coldea\/"},"modified":"2024-10-24T07:44:47","modified_gmt":"2024-10-24T07:44:47","slug":"dan-diaconescu-si-traian-basescu-macel-in-direct-cum-ii-acuza-diaconescu-pe-basescu-si-coldea","status":"publish","type":"post","link":"https:\/\/247stiri.ro\/index.php\/2024\/10\/24\/dan-diaconescu-si-traian-basescu-macel-in-direct-cum-ii-acuza-diaconescu-pe-basescu-si-coldea\/","title":{"rendered":"Dan Diaconescu \u0219i Traian B\u0103sescu, m\u0103cel \u00een direct. Cum \u00eei acuz\u0103 Diaconescu pe B\u0103sescu \u0219i Coldea"},"content":{"rendered":"<p>B\u0103sescu: Cred c\u0103 eu pot \u00een\u021belege stresul, tensiunile prin care a trecut domnul Diaconescu sau nu pot accepta \u0219irul de fantezii pe care le exprima f\u0103r\u0103 a le clarifica. \u00cen primul r\u00e2nd spune\u021bi c\u0103 s-au \u00eemp\u0103r\u021bit la mine \u00een birou.<\/p>\n<p>Diaconescu: Nu am spus c\u0103 la dumneavoastr\u0103, am spus ca \u00eentr-un birou important.<\/p>\n<p>B: Nu, nu, nu, nu, deci spune\u021bi c\u0103 la mine \u00een birou s-au \u00eemp\u0103r\u021bit bani r\u0103ma\u0219i din Irak de la ziari\u0219ti. Cum Coldea a venit cu mine la OTV \u0219i a furat tortul, ceva de genul asta.<\/p>\n<p>D: Nu a furat, a zis ca \u00eel duce la analize. L-a adus \u00eenapoi, dar mai t\u00e2rziu.<\/p>\n<p>B: Domnul Diaconescu, SRI-ul nu are \u00een atribu\u021biuni protec\u021bia pre\u0219edintelui. Deci, a\u021bi putea fi credibil daca nu a\u021bi spune at\u00e2tea minciuni, domnul Diaconescu.<\/p>\n<p>D: P\u0103i \u0219i atunci ce c\u0103uta mereu pe l\u00e2ng\u0103 dumneavoastr\u0103 tipul \u0103sta?<\/p>\n<p>B: P\u0103i da cine, ce tip, despre cine vorbi\u021bi? Despre Coldea?<\/p>\n<p>D: Coldea \u0103sta, da.<\/p>\n<p>B: Dar Coldea nu a fost niciodat\u0103 pe l\u00e2ng\u0103 mine. Domnul Diaconescu a creditat o alta minciun\u0103, c\u0103 ar fi fost Coldea pe l\u00e2ng\u0103 mine. Pai dumneavoastr\u0103 l-a\u021bi invocat de multe ori pe Coldea \u00een tara asta, m\u0103 tem c\u0103 nu \u0219ti\u021bi cu cine vorbea\u021bi.<\/p>\n<p>D: Ok, oricum nu v-am invocat pe dumneavoastr\u0103, dar faptul ca va sim\u021bi\u021bi cu musca pe c\u0103ciula pentru mine spune totul.<\/p>","protected":false},"excerpt":{"rendered":"<p>B\u0103sescu: Cred c\u0103 eu pot \u00een\u021belege stresul, tensiunile prin care a trecut domnul Diaconescu sau&hellip;<\/p>\n","protected":false},"author":0,"featured_media":1400,"comment_status":"open","ping_status":"open","sticky":false,"template":"","format":"standard","meta":{"footnotes":""},"categories":[3],"tags":[],"class_list":["post-1399","post","type-post","status-publish","format-standard","has-post-thumbnail","hentry","category-politica"],"_links":{"self":[{"href":"https:\/\/247stiri.ro\/index.php\/wp-json\/wp\/v2\/posts\/1399","targetHints":{"allow":["GET"]}}],"collection":[{"href":"https:\/\/247stiri.ro\/index.php\/wp-json\/wp\/v2\/posts"}],"about":[{"href":"https:\/\/247stiri.ro\/index.php\/wp-json\/wp\/v2\/types\/post"}],"replies":[{"embeddable":true,"href":"https:\/\/247stiri.ro\/index.php\/wp-json\/wp\/v2\/comments?post=1399"}],"version-history":[{"count":0,"href":"https:\/\/247stiri.ro\/index.php\/wp-json\/wp\/v2\/posts\/1399\/revisions"}],"wp:featuredmedia":[{"embeddable":true,"href":"https:\/\/247stiri.ro\/index.php\/wp-json\/wp\/v2\/media\/1400"}],"wp:attachment":[{"href":"https:\/\/247stiri.ro\/index.php\/wp-json\/wp\/v2\/media?parent=1399"}],"wp:term":[{"taxonomy":"category","embeddable":true,"href":"https:\/\/247stiri.ro\/index.php\/wp-json\/wp\/v2\/categories?post=1399"},{"taxonomy":"post_tag","embeddable":true,"href":"https:\/\/247stiri.ro\/index.php\/wp-json\/wp\/v2\/tags?post=1399"}],"curies":[{"name":"wp","href":"https:\/\/api.w.org\/{rel}","templated":true}]}}