{"id":13991,"date":"2024-12-06T07:45:37","date_gmt":"2024-12-06T07:45:37","guid":{"rendered":"https:\/\/247stiri.ro\/index.php\/2024\/12\/06\/barbati-din-judetul-timis-retinuti-dupa-ce-au-agresat-un-invatator-in-curtea-scolii-motivul-halucinant-pentru-care-au-recurs-la-acest-gest\/"},"modified":"2024-12-06T07:45:37","modified_gmt":"2024-12-06T07:45:37","slug":"barbati-din-judetul-timis-retinuti-dupa-ce-au-agresat-un-invatator-in-curtea-scolii-motivul-halucinant-pentru-care-au-recurs-la-acest-gest","status":"publish","type":"post","link":"https:\/\/247stiri.ro\/index.php\/2024\/12\/06\/barbati-din-judetul-timis-retinuti-dupa-ce-au-agresat-un-invatator-in-curtea-scolii-motivul-halucinant-pentru-care-au-recurs-la-acest-gest\/","title":{"rendered":"B\u0103rba\u0163i din jude\u021bul Timi\u0219, re\u0163inu\u0163i dup\u0103 ce au agresat un \u00eenv\u0103\u0163\u0103tor \u00een curtea \u015fcolii. Motivul halucinant pentru care au recurs la acest gest"},"content":{"rendered":"<p>Poli\u0163i\u015ftii Sec\u0163iei 1 Rurale Ghiroda au fost sesiza\u0163i de c\u0103tre un b\u0103rbat de 62 de ani, \u00eenv\u0103\u0163\u0103tor la o unitate \u015fcolar\u0103 din localitatea timi\u015fean\u0103 Alio\u015f, c\u0103 \u00een aceea\u015fi zi a fost agresat de mai multe persoane \u00een timp ce se afla \u00een curtea \u015fcolii, supraveghind plecarea elevilor de la \u015fcoal\u0103, arat\u0103 o informare de pres\u0103 a Poli\u0163iei Timi\u015f.<\/p>\n<p>\u00cen urma primelor verific\u0103ri a reie\u015fit c\u0103 doi b\u0103rba\u0163i, de 20 de ani \u015fi 29 de ani, din localitatea Alio\u015f, s-au deplasat \u00een curtea \u015fcolii, unde l-au g\u0103sit pe \u00eenv\u0103\u0163\u0103tor \u015fi l-au agresat, lovindu-l cu picioarele, pe motiv c\u0103 fratele lor ar fi fost pus la col\u0163 de c\u0103tre acesta.<\/p>\n<p>Poli\u0163i\u015ftii au \u00eenceput de \u00eendat\u0103 investiga\u0163iile, iar \u00een urma probatoriului administrat \u00een cauz\u0103 s-a dispus efectuarea \u00een continuare a urm\u0103ririi penale pentru lovire sau alte violen\u0163e \u015fi tulburarea ordinii \u015fi lini\u015ftii publice, cei doi b\u0103rba\u0163i fiind re\u0163inu\u0163i pentru 24 de ore \u015fi introdu\u015fi \u00een arest.\u00a0<\/p>","protected":false},"excerpt":{"rendered":"<p>Poli\u0163i\u015ftii Sec\u0163iei 1 Rurale Ghiroda au fost sesiza\u0163i de c\u0103tre un b\u0103rbat de 62 de&hellip;<\/p>\n","protected":false},"author":0,"featured_media":13992,"comment_status":"open","ping_status":"open","sticky":false,"template":"","format":"standard","meta":{"footnotes":""},"categories":[2],"tags":[],"class_list":["post-13991","post","type-post","status-publish","format-standard","has-post-thumbnail","hentry","category-actual"],"_links":{"self":[{"href":"https:\/\/247stiri.ro\/index.php\/wp-json\/wp\/v2\/posts\/13991","targetHints":{"allow":["GET"]}}],"collection":[{"href":"https:\/\/247stiri.ro\/index.php\/wp-json\/wp\/v2\/posts"}],"about":[{"href":"https:\/\/247stiri.ro\/index.php\/wp-json\/wp\/v2\/types\/post"}],"replies":[{"embeddable":true,"href":"https:\/\/247stiri.ro\/index.php\/wp-json\/wp\/v2\/comments?post=13991"}],"version-history":[{"count":0,"href":"https:\/\/247stiri.ro\/index.php\/wp-json\/wp\/v2\/posts\/13991\/revisions"}],"wp:featuredmedia":[{"embeddable":true,"href":"https:\/\/247stiri.ro\/index.php\/wp-json\/wp\/v2\/media\/13992"}],"wp:attachment":[{"href":"https:\/\/247stiri.ro\/index.php\/wp-json\/wp\/v2\/media?parent=13991"}],"wp:term":[{"taxonomy":"category","embeddable":true,"href":"https:\/\/247stiri.ro\/index.php\/wp-json\/wp\/v2\/categories?post=13991"},{"taxonomy":"post_tag","embeddable":true,"href":"https:\/\/247stiri.ro\/index.php\/wp-json\/wp\/v2\/tags?post=13991"}],"curies":[{"name":"wp","href":"https:\/\/api.w.org\/{rel}","templated":true}]}}