{"id":13995,"date":"2024-12-06T08:46:35","date_gmt":"2024-12-06T08:46:35","guid":{"rendered":"https:\/\/247stiri.ro\/index.php\/2024\/12\/06\/elena-lasconi-nu-vrea-reluarea-alegerilor-prezidentiale-juridic-nu-se-poate\/"},"modified":"2024-12-06T08:46:35","modified_gmt":"2024-12-06T08:46:35","slug":"elena-lasconi-nu-vrea-reluarea-alegerilor-prezidentiale-juridic-nu-se-poate","status":"publish","type":"post","link":"https:\/\/247stiri.ro\/index.php\/2024\/12\/06\/elena-lasconi-nu-vrea-reluarea-alegerilor-prezidentiale-juridic-nu-se-poate\/","title":{"rendered":"Elena Lasconi NU vrea reluarea alegerilor preziden\u021biale: Juridic nu se poate"},"content":{"rendered":"<p>&#8222;Cred c\u0103 ar fi un co\u0219mar, nu pentru mine, pentru to\u021bi romanii&#8230; \u00cent\u00e2lnesc pe strad\u0103 oameni care pl\u00e2ng, se ceart\u0103 oamenii la pia\u0163\u0103, ba Georgescu, ba Lasconi. Toat\u0103 lumea vorbe\u015fte numai despre asta. Suntem \u015fi \u00eenainte de Sf\u00e2ntul Nicolae, \u00eenainte de Cr\u0103ciun. Cred c\u0103 o s\u0103 fac\u0103 implozie \u00een societate. E deja prea mult.<\/p>\n<p>Eu nu vreau s\u0103 comentez \u015fi nici s\u0103 influen\u0163ez institu\u0163iile CCR-ului. Mi-a\u015f dori s\u0103 v\u0103d decizia bine argumentat\u0103 ca s\u0103 poat\u0103 s\u0103 o \u00een\u0163eleag\u0103 toat\u0103 lumea de ce ar fi a\u015fa. Dar nu cred c\u0103 se mai pune problema de a relua alegerile at\u00e2ta timp c\u00e2t deja primul tur a fost validat de CCR. Juridic nu se poate&#8221;, a declarat Lasconi.\u00a0<\/p>","protected":false},"excerpt":{"rendered":"<p>&#8222;Cred c\u0103 ar fi un co\u0219mar, nu pentru mine, pentru to\u021bi romanii&#8230; \u00cent\u00e2lnesc pe strad\u0103&hellip;<\/p>\n","protected":false},"author":0,"featured_media":13996,"comment_status":"open","ping_status":"open","sticky":false,"template":"","format":"standard","meta":{"footnotes":""},"categories":[3],"tags":[],"class_list":["post-13995","post","type-post","status-publish","format-standard","has-post-thumbnail","hentry","category-politica"],"_links":{"self":[{"href":"https:\/\/247stiri.ro\/index.php\/wp-json\/wp\/v2\/posts\/13995","targetHints":{"allow":["GET"]}}],"collection":[{"href":"https:\/\/247stiri.ro\/index.php\/wp-json\/wp\/v2\/posts"}],"about":[{"href":"https:\/\/247stiri.ro\/index.php\/wp-json\/wp\/v2\/types\/post"}],"replies":[{"embeddable":true,"href":"https:\/\/247stiri.ro\/index.php\/wp-json\/wp\/v2\/comments?post=13995"}],"version-history":[{"count":0,"href":"https:\/\/247stiri.ro\/index.php\/wp-json\/wp\/v2\/posts\/13995\/revisions"}],"wp:featuredmedia":[{"embeddable":true,"href":"https:\/\/247stiri.ro\/index.php\/wp-json\/wp\/v2\/media\/13996"}],"wp:attachment":[{"href":"https:\/\/247stiri.ro\/index.php\/wp-json\/wp\/v2\/media?parent=13995"}],"wp:term":[{"taxonomy":"category","embeddable":true,"href":"https:\/\/247stiri.ro\/index.php\/wp-json\/wp\/v2\/categories?post=13995"},{"taxonomy":"post_tag","embeddable":true,"href":"https:\/\/247stiri.ro\/index.php\/wp-json\/wp\/v2\/tags?post=13995"}],"curies":[{"name":"wp","href":"https:\/\/api.w.org\/{rel}","templated":true}]}}