{"id":13999,"date":"2024-12-06T08:46:36","date_gmt":"2024-12-06T08:46:36","guid":{"rendered":"https:\/\/247stiri.ro\/index.php\/2024\/12\/06\/sectii-de-votare-amenajate-in-225-de-scoli-din-capitala-programul-unitatilor-de-invatamant-modificat-de-alegeri\/"},"modified":"2024-12-06T08:46:36","modified_gmt":"2024-12-06T08:46:36","slug":"sectii-de-votare-amenajate-in-225-de-scoli-din-capitala-programul-unitatilor-de-invatamant-modificat-de-alegeri","status":"publish","type":"post","link":"https:\/\/247stiri.ro\/index.php\/2024\/12\/06\/sectii-de-votare-amenajate-in-225-de-scoli-din-capitala-programul-unitatilor-de-invatamant-modificat-de-alegeri\/","title":{"rendered":"Sec\u0163ii de votare, amenajate \u00een 225 de \u0219coli din Capital\u0103: PROGRAMUL unit\u0103\u021bilor de \u00eenv\u0103\u021b\u0103m\u00e2nt, MODIFICAT de alegeri"},"content":{"rendered":"<p>Potrivit unei centraliz\u0103ri, \u00een Sectorul 1 sunt amenajate sec\u0163ii de votare \u00een 43 de unit\u0103\u0163i de \u00eenv\u0103\u0163\u0103m\u00e2nt preuniversitar. Luni, \u015fapte dintre acestea \u00ee\u015fi vor modifica programul \u015fcolar &#8211; decalarea orei de \u00eencepere a cursurilor\/ modificarea duratei orei\/pauzei), iar alte patru \u00ee\u015fi vor suspenda cursurile cu prezen\u0163\u0103 fizic\u0103 la nivelul unor grupe\/forma\u0163iuni de studiu.<\/p>\n<p>La nivelul Sectorului 2 sunt amenajate sec\u0163ii de votare \u00een 53 de unit\u0103\u0163i de \u00eenv\u0103\u0163\u0103m\u00e2nt preuniversitar &#8211; trei \u00ee\u015fi vor modifica programul \u015fcolar luni (decalarea orei de \u00eencepere a cursurilor\/ modificarea duratei orei\/pauzei).<\/p>\n<p>\u00cen Sectorul 3 sunt amenajate sec\u0163ii de votare \u00een 37 de unit\u0103\u0163i de \u00eenv\u0103\u0163\u0103m\u00e2nt preuniversitar: 12 \u00ee\u015fi vor modifica programul \u015fcolar vineri \u015fi luni (decalarea orei de \u00eencepere a cursurilor\/ modificarea duratei orei\/pauzei), 13 \u00ee\u015fi vor modifica programul \u015fcolar luni (decalarea orei de \u00eencepere a cursurilor\/ modificarea duratei orei\/pauzei), iar \u00ee\u015fi vor suspenda luni cursurile cu prezen\u0163\u0103 fizic\u0103 la nivelul unor grupe\/forma\u0163iuni de studiu.<\/p>\n<p>\u00cen Sectorul 4 sunt amenajate sec\u0163ii de votare \u00een 34 de unit\u0103\u0163i de \u00eenv\u0103\u0163\u0103m\u00e2nt preuniversitar, iar 12 \u00ee\u015fi vor modifica programul \u015fcolar luni (decalarea orei de \u00eencepere a cursurilor\/ modificarea duratei orei\/pauzei).<\/p>\n<p>Pentru Sectorul 5 au fost amenajate sec\u0163ii de votare \u00een 17 de unit\u0103\u0163i de \u00eenv\u0103\u0163\u0103m\u00e2nt preuniversitar. O unitate \u00ee\u015fi va suspenda luni cursurile cu prezen\u0163\u0103 fizic\u0103 la nivelul unor grupe\/forma\u0163iuni de studiu.<\/p>\n<p>\u00cen Sectorul 6 sunt sec\u0163ii de votare \u00een 41 de unit\u0103\u0163i de \u00eenv\u0103\u0163\u0103m\u00e2nt preuniversitar &#8211; cinci dintre acestea \u00ee\u015fi vor modifica programul \u015fcolar vineri \u015fi luni (decalarea orei de \u00eencepere a cursurilor\/ modificarea duratei orei\/pauzei), opt \u00ee\u015fi vor modifica programul \u015fcolar luni (decalarea orei de \u00eencepere a cursurilor\/ modificarea duratei orei\/pauzei), una \u00ee\u015fi va modifica programul \u015fcolar vineri (decalarea orei de \u00eencepere a cursurilor\/ modificarea duratei orei\/pauzei), iar luni \u00ee\u015fi va suspenda cursurile cu prezen\u0163\u0103 fizic\u0103 la nivelul unor grupe\/forma\u0163iuni de studiu. De asemenea, luni, patru unit\u0103\u0163i de \u00eenv\u0103\u0163\u0103m\u00e2nt \u00ee\u015fi vor suspenda cursurile cu prezen\u0163\u0103 fizic\u0103 la nivelul unor grupe\/forma\u0163iuni de studiu.\u00a0<\/p>","protected":false},"excerpt":{"rendered":"<p>Potrivit unei centraliz\u0103ri, \u00een Sectorul 1 sunt amenajate sec\u0163ii de votare \u00een 43 de unit\u0103\u0163i&hellip;<\/p>\n","protected":false},"author":0,"featured_media":14000,"comment_status":"open","ping_status":"open","sticky":false,"template":"","format":"standard","meta":{"footnotes":""},"categories":[2],"tags":[],"class_list":["post-13999","post","type-post","status-publish","format-standard","has-post-thumbnail","hentry","category-actual"],"_links":{"self":[{"href":"https:\/\/247stiri.ro\/index.php\/wp-json\/wp\/v2\/posts\/13999","targetHints":{"allow":["GET"]}}],"collection":[{"href":"https:\/\/247stiri.ro\/index.php\/wp-json\/wp\/v2\/posts"}],"about":[{"href":"https:\/\/247stiri.ro\/index.php\/wp-json\/wp\/v2\/types\/post"}],"replies":[{"embeddable":true,"href":"https:\/\/247stiri.ro\/index.php\/wp-json\/wp\/v2\/comments?post=13999"}],"version-history":[{"count":0,"href":"https:\/\/247stiri.ro\/index.php\/wp-json\/wp\/v2\/posts\/13999\/revisions"}],"wp:featuredmedia":[{"embeddable":true,"href":"https:\/\/247stiri.ro\/index.php\/wp-json\/wp\/v2\/media\/14000"}],"wp:attachment":[{"href":"https:\/\/247stiri.ro\/index.php\/wp-json\/wp\/v2\/media?parent=13999"}],"wp:term":[{"taxonomy":"category","embeddable":true,"href":"https:\/\/247stiri.ro\/index.php\/wp-json\/wp\/v2\/categories?post=13999"},{"taxonomy":"post_tag","embeddable":true,"href":"https:\/\/247stiri.ro\/index.php\/wp-json\/wp\/v2\/tags?post=13999"}],"curies":[{"name":"wp","href":"https:\/\/api.w.org\/{rel}","templated":true}]}}