{"id":14016,"date":"2024-12-06T09:46:40","date_gmt":"2024-12-06T09:46:40","guid":{"rendered":"https:\/\/247stiri.ro\/index.php\/2024\/12\/06\/negocieri-dure-pentru-functia-de-premier-inainte-de-alegerile-prezidentiale-partidele-fac-ultimele-calcule-ce-variante-sunt-pe-masa\/"},"modified":"2024-12-06T09:46:40","modified_gmt":"2024-12-06T09:46:40","slug":"negocieri-dure-pentru-functia-de-premier-inainte-de-alegerile-prezidentiale-partidele-fac-ultimele-calcule-ce-variante-sunt-pe-masa","status":"publish","type":"post","link":"https:\/\/247stiri.ro\/index.php\/2024\/12\/06\/negocieri-dure-pentru-functia-de-premier-inainte-de-alegerile-prezidentiale-partidele-fac-ultimele-calcule-ce-variante-sunt-pe-masa\/","title":{"rendered":"Negocieri dure pentru func\u021bia de PREMIER, \u00eenainte de alegerile preziden\u021biale: partidele fac ultimele calcule. Ce variante sunt pe mas\u0103"},"content":{"rendered":"<p>Mai sunt mai pu\u021bin de dou\u0103 zile p\u00e2n\u0103 c\u00e2nd rom\u00e2nii vor merge la vot \u0219i \u00ee\u0219i vor exercita acest drept. P\u00e2n\u0103 atunci, se pun la punct ultimele strategii pentru ca Elena Lasconi\u00a0 &#8211; candidata USR la preziden\u021biale &#8211; s\u0103 c\u00e2\u0219tige aceste alegeri.\u00a0<\/p>\n<p>Ca \u0219i variante, se discut\u0103 despre Marcel Ciolacu \u0219i Ile Bolojan. Elena Lasconi a spus c\u0103 la-r prefera pe Bolojan, din partea PNL pentru func\u021bia de premier, \u00eens\u0103 \u00eendrept\u0103\u021bit &#8211; puncta Lasconi &#8211; este \u00een acest moment Ciolacu, din partea PSD, ca urmare a scorului ob\u021binut de partid la alegerile parlamentare din 1 decembrie.<\/p>\n<p>De asemenea, Lasconi a ar\u0103tat c\u0103 la \u00eent\u00e2lnirea pe care a avut-o cu PNL, PSD, dar \u0219i UDMR nu s-a discutat despre posibele func\u021bii pe care ar trbui s\u0103 le \u00eempart\u0103 ace\u0219tia.\u00a0<\/p>\n<p>Pe de alt\u0103 parte, ea atr\u0103gea aten\u021bia asupra faptului c\u0103 \u0219tim deja care este experien\u021ba pe care \u021bara noastr\u0103 a avut-o cu un premier tehnocrat \u0219i c\u0103 nu \u0219i-ar dori acest lucru.\u00a0<\/p>\n<p>Mai sunt mai pu\u021bin de 2 zile p\u00e2n\u0103 la aceste alegeri. \u00cen tot acest timp au venit mesaje de sus\u021binere de la al\u021bi pre\u0219edin\u021bi. Spre exemplu, Emmanuel Macron din Fran\u021ba \u0219i-a anun\u021bat sus\u021binerea pentru Elena Lasconi; au avut ieri o convorbire telefoni\u0103.\u00a0<\/p>\n<p>La fel, un mesaj de susinere a venit \u0219i din partea pre;edintei Georgiei. \u0218tim, de asemenea, c\u0103 ieri, la Bucure\u0219ti a ajuns \u0219i Maia Sandu. Liderul de la Chi\u0219in\u0103u s-a v\u0103zut cu Elena Lasconi \u0219i au discutat.\u00a0<\/p>\n<p>\u00a0<\/p>","protected":false},"excerpt":{"rendered":"<p>Mai sunt mai pu\u021bin de dou\u0103 zile p\u00e2n\u0103 c\u00e2nd rom\u00e2nii vor merge la vot \u0219i&hellip;<\/p>\n","protected":false},"author":0,"featured_media":14017,"comment_status":"open","ping_status":"open","sticky":false,"template":"","format":"standard","meta":{"footnotes":""},"categories":[3],"tags":[],"class_list":["post-14016","post","type-post","status-publish","format-standard","has-post-thumbnail","hentry","category-politica"],"_links":{"self":[{"href":"https:\/\/247stiri.ro\/index.php\/wp-json\/wp\/v2\/posts\/14016","targetHints":{"allow":["GET"]}}],"collection":[{"href":"https:\/\/247stiri.ro\/index.php\/wp-json\/wp\/v2\/posts"}],"about":[{"href":"https:\/\/247stiri.ro\/index.php\/wp-json\/wp\/v2\/types\/post"}],"replies":[{"embeddable":true,"href":"https:\/\/247stiri.ro\/index.php\/wp-json\/wp\/v2\/comments?post=14016"}],"version-history":[{"count":0,"href":"https:\/\/247stiri.ro\/index.php\/wp-json\/wp\/v2\/posts\/14016\/revisions"}],"wp:featuredmedia":[{"embeddable":true,"href":"https:\/\/247stiri.ro\/index.php\/wp-json\/wp\/v2\/media\/14017"}],"wp:attachment":[{"href":"https:\/\/247stiri.ro\/index.php\/wp-json\/wp\/v2\/media?parent=14016"}],"wp:term":[{"taxonomy":"category","embeddable":true,"href":"https:\/\/247stiri.ro\/index.php\/wp-json\/wp\/v2\/categories?post=14016"},{"taxonomy":"post_tag","embeddable":true,"href":"https:\/\/247stiri.ro\/index.php\/wp-json\/wp\/v2\/tags?post=14016"}],"curies":[{"name":"wp","href":"https:\/\/api.w.org\/{rel}","templated":true}]}}