{"id":14018,"date":"2024-12-06T09:46:41","date_gmt":"2024-12-06T09:46:41","guid":{"rendered":"https:\/\/247stiri.ro\/index.php\/2024\/12\/06\/politist-din-gorj-cercetat-penal-dupa-ce-a-scos-pistolul-in-timpul-unui-conflict-cu-sotia-sa-arma-s-a-descarcat-in-aer\/"},"modified":"2024-12-06T09:46:41","modified_gmt":"2024-12-06T09:46:41","slug":"politist-din-gorj-cercetat-penal-dupa-ce-a-scos-pistolul-in-timpul-unui-conflict-cu-sotia-sa-arma-s-a-descarcat-in-aer","status":"publish","type":"post","link":"https:\/\/247stiri.ro\/index.php\/2024\/12\/06\/politist-din-gorj-cercetat-penal-dupa-ce-a-scos-pistolul-in-timpul-unui-conflict-cu-sotia-sa-arma-s-a-descarcat-in-aer\/","title":{"rendered":"Poli\u021bist din Gorj, cercetat penal dup\u0103 ce a scos pistolul \u00een timpul unui conflict cu so\u021bia sa. Arma s-a desc\u0103rcat \u00een aer"},"content":{"rendered":"<p>Incidentele au avut loc \u00een seara zilei de joi, 5 decembrie \u00eentr-un apartament din T\u00e2rgu Jiu. O femeie de 40 de ani a sunat la 112 \u015fi a reclamat c\u0103 \u00a0\u00een timpul unui scandal cu so\u0163ul s\u0103u, av\u00e2nd \u00een vedere comportamentul agresiv al acestuia, \u015fi-a chemat fratele.\u00a0<\/p>\n<p>\u201e\u00cen momentul \u00een care acesta a ajuns la re\u015fedin\u0163a celor doi so\u0163i, l-ar fi observat pe cumnatul s\u0103u, care era sub influen\u0163a b\u0103uturilor alcoolice, \u0163in\u00e2nd \u00een m\u00e2n\u0103 o arm\u0103, fapt pentru care s-ar fi \u00eendreptat spre el \u015fi l-ar fi prins de m\u00e2n\u0103, moment \u00een care arma s-a desc\u0103rcat \u00een plan vertical. Ulterior, s-a stabilit faptul c\u0103 \u00a0arma folosit\u0103 era \u00een dotarea b\u0103rbatului \u00een v\u00e2rst\u0103 de 44 de ani, agent de poli\u0163ie \u00een cadrul IPJ Gorj, care se afla \u00een timpul liber, iar armamentul \u015fi muni\u0163ia din dotare le de\u0163inea legal la domiciliu\u201d, au transmis, vineri, reprezentan\u021bii Inspectoratului de Poli\u0163ie Jude\u0163ean (IPJ) Gorj.\u00a0<\/p>\n<p>Potrivit sursei citate, poli\u0163istul care a scos arma \u00een timpul conflictului din familie are 44 de ani.\u00a0<\/p>\n<p>\u00cen urma gestului s\u0103u, colegii lui au deschis dosar penal \u00een care fac cercet\u0103ri pentru s\u0103v\u00e2r\u015firea infrac\u0163iunilor de uz de arm\u0103 f\u0103r\u0103 drept \u015fi amenin\u0163are.<\/p>","protected":false},"excerpt":{"rendered":"<p>Incidentele au avut loc \u00een seara zilei de joi, 5 decembrie \u00eentr-un apartament din T\u00e2rgu&hellip;<\/p>\n","protected":false},"author":0,"featured_media":14019,"comment_status":"open","ping_status":"open","sticky":false,"template":"","format":"standard","meta":{"footnotes":""},"categories":[2],"tags":[],"class_list":["post-14018","post","type-post","status-publish","format-standard","has-post-thumbnail","hentry","category-actual"],"_links":{"self":[{"href":"https:\/\/247stiri.ro\/index.php\/wp-json\/wp\/v2\/posts\/14018","targetHints":{"allow":["GET"]}}],"collection":[{"href":"https:\/\/247stiri.ro\/index.php\/wp-json\/wp\/v2\/posts"}],"about":[{"href":"https:\/\/247stiri.ro\/index.php\/wp-json\/wp\/v2\/types\/post"}],"replies":[{"embeddable":true,"href":"https:\/\/247stiri.ro\/index.php\/wp-json\/wp\/v2\/comments?post=14018"}],"version-history":[{"count":0,"href":"https:\/\/247stiri.ro\/index.php\/wp-json\/wp\/v2\/posts\/14018\/revisions"}],"wp:featuredmedia":[{"embeddable":true,"href":"https:\/\/247stiri.ro\/index.php\/wp-json\/wp\/v2\/media\/14019"}],"wp:attachment":[{"href":"https:\/\/247stiri.ro\/index.php\/wp-json\/wp\/v2\/media?parent=14018"}],"wp:term":[{"taxonomy":"category","embeddable":true,"href":"https:\/\/247stiri.ro\/index.php\/wp-json\/wp\/v2\/categories?post=14018"},{"taxonomy":"post_tag","embeddable":true,"href":"https:\/\/247stiri.ro\/index.php\/wp-json\/wp\/v2\/tags?post=14018"}],"curies":[{"name":"wp","href":"https:\/\/api.w.org\/{rel}","templated":true}]}}